{"id":89252,"date":"2020-06-17T09:33:21","date_gmt":"2020-06-17T13:33:21","guid":{"rendered":"https:\/\/linitiative.ca\/International\/protection-des-personnes-agees-reprise-des-activites-dans-les-etablissements-public-et-prive\/"},"modified":"2020-06-17T09:33:21","modified_gmt":"2020-06-17T13:33:21","slug":"protection-des-personnes-agees-reprise-des-activites-dans-les-etablissements-public-et-prive","status":"publish","type":"post","link":"https:\/\/linitiative.ca\/International\/protection-des-personnes-agees-reprise-des-activites-dans-les-etablissements-public-et-prive\/","title":{"rendered":"Protection des personnes \u00e2g\u00e9es  Reprise des activit\u00e9s dans les \u00e9tablissements public et priv\u00e9"},"content":{"rendered":"<p>Apr\u00e8s concertation avec le minist\u00e8re de la sant\u00e9 et l\u2019observatoire national des maladies nouvelles et \u00e9mergentes, il a \u00e9t\u00e9 d\u00e9cid\u00e9 de reprendre les activit\u00e9s au niveau des \u00e9tablissements public et priv\u00e9 de protection des personnes \u00e2g\u00e9es, annonce le minist\u00e8re de la femme, de la famille, de l\u2019enfance et des seniors, dans un communiqu\u00e9 rendu public mercredi.<\/p>\n<p>Le minist\u00e8re souligne que la reprise des activit\u00e9s sera progressive avec un suivi et une \u00e9valuation permanente de la situation et tout en veillant sur la protection des r\u00e9sidents et du personnel travaillant dans ces \u00e9tablissements. La m\u00eame source rappelle par la m\u00eame occasion le respect imp\u00e9ratif des recommandations de protection inscrites dans le guide mentionnant les mesures de lutte contre la propagation du Coronavirus.<\/p>\n<p>Le minist\u00e8re a aussi \u00e9voqu\u00e9 les diff\u00e9rentes recommandations de protection et de lutte contre la pand\u00e9mie Covid-19 dont la distanciation sociale et les normes d\u2019hygi\u00e8ne.<\/p>\n<p>Pour prendre connaissance des diff\u00e9rentes mesures \u00e0 respecter, le guide est disponible sur le site du minist\u00e8re, www.femmes.gov.tn , ajoute la m\u00eame source<\/p>\n<div class=\"wp-post-author-wrap wp-post-author-shortcode left\">\n<h3 class=\"awpa-title\"\/>\n<div class=\"wp-post-author\">\n<div class=\"awpa-img awpa-author-block square\"><a href=\"http:\/\/lexpertjournal.net\/fr\/?author=5\"><img loading=\"lazy\" decoding=\"async\" alt=\"\" src=\"http:\/\/0.gravatar.com\/avatar\/97f8e10a1c1125ba104a76514ee07b16?s=150&amp;d=mm&amp;r=g\" srcset=\"http:\/\/0.gravatar.com\/avatar\/97f8e10a1c1125ba104a76514ee07b16?s=300&amp;d=mm&amp;r=g 2x\" class=\"avatar avatar-150 photo\" height=\"150\" width=\"150\"\/><\/a><\/div>\n<\/div>\n<\/div>\n<aside class=\"mashsb-container mashsb-main mashsb-stretched\">\n<\/aside>\n<p>Auteur: L&rsquo;expert<br \/>\n<a href=\"http:\/\/lexpertjournal.net\/fr\/?p=15299\">Cliquez ici pour lire l&rsquo;article depuis sa source.<\/a><\/p>\n","protected":false},"excerpt":{"rendered":"<p>Apr\u00e8s concertation avec le minist\u00e8re de la sant\u00e9 et l\u2019observatoire national des maladies nouvelles et \u00e9mergentes, il a \u00e9t\u00e9 d\u00e9cid\u00e9 de reprendre les activit\u00e9s au niveau des \u00e9tablissements public et priv\u00e9 de protection des personnes \u00e2g\u00e9es, annonce le minist\u00e8re de la femme, de la famille, de l\u2019enfance et des seniors, dans un communiqu\u00e9 rendu public [&hellip;]<\/p>\n","protected":false},"author":1775,"featured_media":0,"comment_status":"closed","ping_status":"closed","sticky":false,"template":"","format":"standard","meta":{"fifu_image_url":"","fifu_image_alt":"","footnotes":""},"categories":[78,55],"tags":[],"class_list":["post-89252","post","type-post","status-publish","format-standard","hentry","category-economie","category-tunisie"],"_links":{"self":[{"href":"https:\/\/linitiative.ca\/International\/wp-json\/wp\/v2\/posts\/89252","targetHints":{"allow":["GET"]}}],"collection":[{"href":"https:\/\/linitiative.ca\/International\/wp-json\/wp\/v2\/posts"}],"about":[{"href":"https:\/\/linitiative.ca\/International\/wp-json\/wp\/v2\/types\/post"}],"author":[{"embeddable":true,"href":"https:\/\/linitiative.ca\/International\/wp-json\/wp\/v2\/users\/1775"}],"replies":[{"embeddable":true,"href":"https:\/\/linitiative.ca\/International\/wp-json\/wp\/v2\/comments?post=89252"}],"version-history":[{"count":0,"href":"https:\/\/linitiative.ca\/International\/wp-json\/wp\/v2\/posts\/89252\/revisions"}],"wp:attachment":[{"href":"https:\/\/linitiative.ca\/International\/wp-json\/wp\/v2\/media?parent=89252"}],"wp:term":[{"taxonomy":"category","embeddable":true,"href":"https:\/\/linitiative.ca\/International\/wp-json\/wp\/v2\/categories?post=89252"},{"taxonomy":"post_tag","embeddable":true,"href":"https:\/\/linitiative.ca\/International\/wp-json\/wp\/v2\/tags?post=89252"}],"curies":[{"name":"wp","href":"https:\/\/api.w.org\/{rel}","templated":true}]}}