{"id":89258,"date":"2020-06-17T09:56:00","date_gmt":"2020-06-17T13:56:00","guid":{"rendered":"https:\/\/linitiative.ca\/International\/un-rassemblement-de-solidarite-devant-le-siege-de-la-wilaya-de-tamanrasset\/"},"modified":"2020-06-17T09:56:00","modified_gmt":"2020-06-17T13:56:00","slug":"un-rassemblement-de-solidarite-devant-le-siege-de-la-wilaya-de-tamanrasset","status":"publish","type":"post","link":"https:\/\/linitiative.ca\/International\/un-rassemblement-de-solidarite-devant-le-siege-de-la-wilaya-de-tamanrasset\/","title":{"rendered":"Un rassemblement de solidarit\u00e9 devant le si\u00e8ge de la wilaya de Tamanrasset"},"content":{"rendered":"<div id=\"originalText\" readability=\"48\">\n<p>Un rassemblement a \u00e9t\u00e9 organis\u00e9, ce mercredi, devant le si\u00e8ge de la wilaya de Tamanrasset, par une vingtaine de jeunes, en solidarit\u00e9\u00a0 avec \u00a0les familles des victimes des incidents survenus mardi \u00a0\u00e0 Tin Zaouatine, et \u00abexiger des autorit\u00e9s comp\u00e9tentes de faire toute la lumi\u00e8re sur les derniers affrontements qui ont secou\u00e9\u00bb cette localit\u00e9 alg\u00e9rienne frontali\u00e8re avec le Mali.<\/p>\n<p>Pour rappel, des affrontements \u00a0avaient \u00e9clat\u00e9s mardi entre des \u00e9l\u00e9ments de l\u2019ANP\u00a0 et des citoyens de Tin Zaouatine, lorsque ces derniers\u00a0 avaient tent\u00e9 d\u2019\u00f4ter le fil barbel\u00e9 dress\u00e9\u00a0le long d\u2019un p\u00e9rim\u00e8tre s\u00e9curis\u00e9, causant la mort d\u2019un jeune alors que plusieurs d\u2019autres ont \u00e9t\u00e9 bless\u00e9s.<\/p>\n<p class=\"c6\"><strong>R\u00e9daction Web<\/strong><\/p>\n<\/div>\n<div id=\"text_core\" readability=\"48\">\n<p>Un rassemblement a \u00e9t\u00e9 organis\u00e9, ce mercredi, devant le si\u00e8ge de la wilaya de Tamanrasset, par une vingtaine de jeunes, en solidarit\u00e9\u00a0 avec \u00a0les familles des victimes des incidents survenus mardi \u00a0\u00e0 Tin Zaouatine, et \u00abexiger des autorit\u00e9s comp\u00e9tentes de faire toute la lumi\u00e8re sur les derniers affrontements qui ont secou\u00e9\u00bb cette localit\u00e9 alg\u00e9rienne frontali\u00e8re avec le Mali.<\/p>\n<p>Pour rappel, des affrontements \u00a0avaient \u00e9clat\u00e9s mardi entre des \u00e9l\u00e9ments de l\u2019ANP\u00a0 et des citoyens de Tin Zaouatine, lorsque ces derniers\u00a0 avaient tent\u00e9 d\u2019\u00f4ter le fil barbel\u00e9 dress\u00e9\u00a0le long d\u2019un p\u00e9rim\u00e8tre s\u00e9curis\u00e9, causant la mort d\u2019un jeune alors que plusieurs d\u2019autres ont \u00e9t\u00e9 bless\u00e9s.<\/p>\n<p class=\"c6\"><strong>R\u00e9daction Web<\/strong><\/p>\n<\/div>\n<p>Auteur:<br \/>\n<a href=\"https:\/\/www.liberte-algerie.com\/actualite\/un-rassemblement-de-solidarite-devant-le-siege-de-la-wilaya-de-tamanrasset-340454\">Cliquez ici pour lire l&rsquo;article depuis sa source.<\/a><\/p>\n","protected":false},"excerpt":{"rendered":"<p>Un rassemblement a \u00e9t\u00e9 organis\u00e9, ce mercredi, devant le si\u00e8ge de la wilaya de Tamanrasset, par une vingtaine de jeunes, en solidarit\u00e9\u00a0 avec \u00a0les familles des victimes des incidents survenus mardi \u00a0\u00e0 Tin Zaouatine, et \u00abexiger des autorit\u00e9s comp\u00e9tentes de faire toute la lumi\u00e8re sur les derniers affrontements qui ont secou\u00e9\u00bb cette localit\u00e9 alg\u00e9rienne frontali\u00e8re [&hellip;]<\/p>\n","protected":false},"author":1742,"featured_media":0,"comment_status":"closed","ping_status":"closed","sticky":false,"template":"","format":"standard","meta":{"fifu_image_url":"","fifu_image_alt":"","footnotes":""},"categories":[73,53],"tags":[],"class_list":["post-89258","post","type-post","status-publish","format-standard","hentry","category-actualite","category-algerie"],"_links":{"self":[{"href":"https:\/\/linitiative.ca\/International\/wp-json\/wp\/v2\/posts\/89258","targetHints":{"allow":["GET"]}}],"collection":[{"href":"https:\/\/linitiative.ca\/International\/wp-json\/wp\/v2\/posts"}],"about":[{"href":"https:\/\/linitiative.ca\/International\/wp-json\/wp\/v2\/types\/post"}],"author":[{"embeddable":true,"href":"https:\/\/linitiative.ca\/International\/wp-json\/wp\/v2\/users\/1742"}],"replies":[{"embeddable":true,"href":"https:\/\/linitiative.ca\/International\/wp-json\/wp\/v2\/comments?post=89258"}],"version-history":[{"count":0,"href":"https:\/\/linitiative.ca\/International\/wp-json\/wp\/v2\/posts\/89258\/revisions"}],"wp:attachment":[{"href":"https:\/\/linitiative.ca\/International\/wp-json\/wp\/v2\/media?parent=89258"}],"wp:term":[{"taxonomy":"category","embeddable":true,"href":"https:\/\/linitiative.ca\/International\/wp-json\/wp\/v2\/categories?post=89258"},{"taxonomy":"post_tag","embeddable":true,"href":"https:\/\/linitiative.ca\/International\/wp-json\/wp\/v2\/tags?post=89258"}],"curies":[{"name":"wp","href":"https:\/\/api.w.org\/{rel}","templated":true}]}}