{"id":89262,"date":"2020-06-17T10:46:00","date_gmt":"2020-06-17T14:46:00","guid":{"rendered":"https:\/\/linitiative.ca\/International\/fodil-boumala-place-sous-mandat-de-depot\/"},"modified":"2020-06-17T10:46:00","modified_gmt":"2020-06-17T14:46:00","slug":"fodil-boumala-place-sous-mandat-de-depot","status":"publish","type":"post","link":"https:\/\/linitiative.ca\/International\/fodil-boumala-place-sous-mandat-de-depot\/","title":{"rendered":"Fodil Boumala plac\u00e9 sous mandat de d\u00e9p\u00f4t"},"content":{"rendered":"<div id=\"originalText\" readability=\"54\">\n<p>L&rsquo;activiste Fodil Boumala a \u00e9t\u00e9 plac\u00e9 sous mandat de d\u00e9p\u00f4t, ce mercredi, par le tribunal de\u00a0 de Dar El\u00a0 Beida, apr\u00e8s\u00a0 72h de garde \u00e0 vue dans les locaux de la gendarmerie de\u00a0 Bab Jdid, selon Me Fetta Sadat, membre de son collectif de d\u00e9fense, qui a pr\u00e9cis\u00e9 \u00e0 Libert\u00e9 qu&rsquo;il est poursuivi pour \u00ab\u00a0incitation \u00e0 attroupement non arm\u00a0\u00bb, \u00ab\u00a0atteinte \u00e0 un corps constitu\u00e9\u00a0\u00bb et \u00ab\u00a0publications pouvant porter atteinte \u00e0 l&rsquo;int\u00e9r\u00eat national\u00a0\u00bb. Son proc\u00e8s est programm\u00e9 pour le\u00a021 juin 2020.<\/p>\n<p>Arr\u00eat\u00e9 dimanche, pr\u00e8s de son domicile, \u00e0 Dar El Beida, \u00e0 Alger, par des agents en civil, Fodil Boumala avait d\u00e9j\u00e0 \u00e9t\u00e9 arr\u00eat\u00e9 puis plac\u00e9 sous mand\u00e2t de d\u00e9p\u00f4t, en septembre 2019, dans le sillage du hirak, avant d&rsquo;\u00eatre acquitt\u00e9 en mars 2020.\u00a0<\/p>\n<p class=\"c6\"><strong>R\u00e9daction Web\u00a0<\/strong><\/p>\n<\/div>\n<div id=\"text_core\" readability=\"54\">\n<p>L&rsquo;activiste Fodil Boumala a \u00e9t\u00e9 plac\u00e9 sous mandat de d\u00e9p\u00f4t, ce mercredi, par le tribunal de\u00a0 de Dar El\u00a0 Beida, apr\u00e8s\u00a0 72h de garde \u00e0 vue dans les locaux de la gendarmerie de\u00a0 Bab Jdid, selon Me Fetta Sadat, membre de son collectif de d\u00e9fense, qui a pr\u00e9cis\u00e9 \u00e0 Libert\u00e9 qu&rsquo;il est poursuivi pour \u00ab\u00a0incitation \u00e0 attroupement non arm\u00a0\u00bb, \u00ab\u00a0atteinte \u00e0 un corps constitu\u00e9\u00a0\u00bb et \u00ab\u00a0publications pouvant porter atteinte \u00e0 l&rsquo;int\u00e9r\u00eat national\u00a0\u00bb. Son proc\u00e8s est programm\u00e9 pour le\u00a021 juin 2020.<\/p>\n<p>Arr\u00eat\u00e9 dimanche, pr\u00e8s de son domicile, \u00e0 Dar El Beida, \u00e0 Alger, par des agents en civil, Fodil Boumala avait d\u00e9j\u00e0 \u00e9t\u00e9 arr\u00eat\u00e9 puis plac\u00e9 sous mand\u00e2t de d\u00e9p\u00f4t, en septembre 2019, dans le sillage du hirak, avant d&rsquo;\u00eatre acquitt\u00e9 en mars 2020.\u00a0<\/p>\n<p class=\"c6\"><strong>R\u00e9daction Web\u00a0<\/strong><\/p>\n<\/div>\n<p>Auteur:<br \/>\n<a href=\"https:\/\/www.liberte-algerie.com\/actualite\/fodil-boumala-place-sous-mandat-de-depot-340458\">Cliquez ici pour lire l&rsquo;article depuis sa source.<\/a><\/p>\n","protected":false},"excerpt":{"rendered":"<p>L&rsquo;activiste Fodil Boumala a \u00e9t\u00e9 plac\u00e9 sous mandat de d\u00e9p\u00f4t, ce mercredi, par le tribunal de\u00a0 de Dar El\u00a0 Beida, apr\u00e8s\u00a0 72h de garde \u00e0 vue dans les locaux de la gendarmerie de\u00a0 Bab Jdid, selon Me Fetta Sadat, membre de son collectif de d\u00e9fense, qui a pr\u00e9cis\u00e9 \u00e0 Libert\u00e9 qu&rsquo;il est poursuivi pour \u00ab\u00a0incitation [&hellip;]<\/p>\n","protected":false},"author":1742,"featured_media":0,"comment_status":"closed","ping_status":"closed","sticky":false,"template":"","format":"standard","meta":{"fifu_image_url":"","fifu_image_alt":"","footnotes":""},"categories":[73,53],"tags":[],"class_list":["post-89262","post","type-post","status-publish","format-standard","hentry","category-actualite","category-algerie"],"_links":{"self":[{"href":"https:\/\/linitiative.ca\/International\/wp-json\/wp\/v2\/posts\/89262","targetHints":{"allow":["GET"]}}],"collection":[{"href":"https:\/\/linitiative.ca\/International\/wp-json\/wp\/v2\/posts"}],"about":[{"href":"https:\/\/linitiative.ca\/International\/wp-json\/wp\/v2\/types\/post"}],"author":[{"embeddable":true,"href":"https:\/\/linitiative.ca\/International\/wp-json\/wp\/v2\/users\/1742"}],"replies":[{"embeddable":true,"href":"https:\/\/linitiative.ca\/International\/wp-json\/wp\/v2\/comments?post=89262"}],"version-history":[{"count":0,"href":"https:\/\/linitiative.ca\/International\/wp-json\/wp\/v2\/posts\/89262\/revisions"}],"wp:attachment":[{"href":"https:\/\/linitiative.ca\/International\/wp-json\/wp\/v2\/media?parent=89262"}],"wp:term":[{"taxonomy":"category","embeddable":true,"href":"https:\/\/linitiative.ca\/International\/wp-json\/wp\/v2\/categories?post=89262"},{"taxonomy":"post_tag","embeddable":true,"href":"https:\/\/linitiative.ca\/International\/wp-json\/wp\/v2\/tags?post=89262"}],"curies":[{"name":"wp","href":"https:\/\/api.w.org\/{rel}","templated":true}]}}