{"id":89264,"date":"2020-06-17T06:58:17","date_gmt":"2020-06-17T10:58:17","guid":{"rendered":"https:\/\/linitiative.ca\/International\/deconfinement-le-retour-a-la-vie-normale-sopere-de-maniere-progressive\/"},"modified":"2020-06-17T06:58:17","modified_gmt":"2020-06-17T10:58:17","slug":"deconfinement-le-retour-a-la-vie-normale-sopere-de-maniere-progressive","status":"publish","type":"post","link":"https:\/\/linitiative.ca\/International\/deconfinement-le-retour-a-la-vie-normale-sopere-de-maniere-progressive\/","title":{"rendered":"D\u00e9confinement: Le retour \u00e0 la vie normale s\u2019op\u00e8re de mani\u00e8re progressive"},"content":{"rendered":"<div readability=\"39\">\n<p>Tahanaout (province d\u2019Al Haouz) \u2013 Depuis l\u2019adoption de la d\u00e9cision gouvernementale pour un d\u00e9confinement progressif sur l\u2019ensemble du territoire national, la province d\u2019Al Haouz, \u00e0 l\u2019instar d\u2019autres provinces du Royaume, vit au rythme d\u2019un retour \u00e0 la vie normale et ce, pour le bonheur et la grande satisfaction de ses habitants.<\/p>\n<\/div>\n<div readability=\"180\">\n<p>Class\u00e9e dans la zone I b\u00e9n\u00e9ficiant d\u2019un all\u00e8gement du confinement, la province d\u2019Al Haouz dont la situation \u00e9pid\u00e9miologique est \u00ab\u00a0normale\u00a0\u00bb et \u00ab\u00a0rassurante\u00a0\u00bb, a op\u00e9r\u00e9 de mani\u00e8re mesur\u00e9e et ma\u00eetris\u00e9e, une reprise des activit\u00e9s \u00e9conomiques et de la vie normale en g\u00e9n\u00e9ral, tout en faisant montre d\u2019un degr\u00e9 \u00e9lev\u00e9 de responsabilit\u00e9 partag\u00e9e et de civisme exemplaire, permettant aux citoyens de vaquer \u00e0 leurs pr\u00e9occupations quotidiennes en toute s\u00e9curit\u00e9 et s\u00e9r\u00e9nit\u00e9.<\/p>\n<p>Au niveau de Tahanaout, chef-lieu de la province d\u2019Al Haouz comme dans plusieurs centres urbains \u00e9mergents, \u00e0 l\u2019instar d\u2019Amezmiz, Ourika, A\u00eet Ourir et Tamesloht, les boulevards et les coins n\u00e9vralgiques de la ville se montrent \u00ab\u00a0bouillonnants\u00a0\u00bb avec une dynamique qui, une semaine auparavant, relevait de l\u2019impossible, en raison de l\u2019\u00e9tat d\u2019urgence sanitaire d\u00e9cr\u00e9t\u00e9 il y a trois mois par les autorit\u00e9s comp\u00e9tentes en vue d\u2019enrayer la propagation tentaculaire de la pand\u00e9mie du nouveau coronavirus.<\/p>\n<p>Chez l\u2019ensemble des autochtones, la prise de conscience de l\u2019imp\u00e9ratif de se montrer vigilants et disciplin\u00e9s et de se conformer strictement aux mesures proactives d\u00e9cr\u00e9t\u00e9es par les autorit\u00e9s comp\u00e9tentes (lavage des mains, utilisation des gels hydroalcooliques, port obligatoire des masques de protection, et respect de la distanciation physique), atteignent leur paroxysme pour devenir des gestes \u00ab\u00a0spontan\u00e9s\u00a0\u00bb et si \u00ab\u00a0habituels\u00a0\u00bb.<\/p>\n<p>Une mobilisation permanente et exemplaire qui a pris corps gr\u00e2ce \u00e0 l\u2019engagement ind\u00e9fectible et \u00e0 la pr\u00e9sence dans les premi\u00e8res lignes du combat contre la Covid-19, des autorit\u00e9s locales et sanitaires, des forces de l\u2019ordre (Gendarmerie Royale et Forces Auxiliaires) ainsi que des acteurs de la soci\u00e9t\u00e9 civile.<\/p>\n<p>Au centre-ville de Tahanaout, depuis les premi\u00e8res heures de la matin\u00e9e de ce mardi, l\u2019effervescence a \u00e9t\u00e9 visible mais, dans le respect le plus m\u00e9ticuleux des r\u00e8gles pr\u00e9ventives et d\u2019hygi\u00e8ne, car cela a co\u00efncid\u00e9 \u00e9galement avec la r\u00e9ouverture du Souk hebdomadaire de la ville, un haut lieu de commerce et de n\u00e9goces qui a la particularit\u00e9 de rassembler, chaque mardi, des habitants en provenance de plusieurs villages et autres localit\u00e9s de la province qui y viennent nombreux pour s\u2019approvisionner.<\/p>\n<p>A l\u2019int\u00e9rieur de cet espace commercial, dont l\u2019importance en termes de dynamisation de l\u2019\u00e9conomie locale n\u2019est plus \u00e0 d\u00e9montrer, une commission mixte compos\u00e9e de repr\u00e9sentants des autorit\u00e9s locales, de la Gendarmerie Royale, des forces auxiliaires et d\u2019acteurs de la soci\u00e9t\u00e9 civile, effectue des rondes pour contr\u00f4ler la r\u00e9gularit\u00e9 et l\u2019affichage des prix ainsi que la qualit\u00e9 des produits mis \u00e0 la vente, tout en veillant scrupuleusement au respect des r\u00e8gles sanitaires en vigueur aussi bien pour les commer\u00e7ants que pour les visiteurs.<\/p>\n<p>La r\u00e9ouverture de ce Souk s\u2019est faite pour la grande satisfaction de tous, notamment des commer\u00e7ants, entre autres, de b\u00e9tail, de denr\u00e9es alimentaires, de v\u00eatements, de produits en plastiques, des l\u00e9gumes et fruits, des c\u00e9r\u00e9ales, des fourrages ainsi que pour certains m\u00e9tiers et services, \u00e0 l\u2019instar des caf\u00e9s et restaurants qui ont ouvert leurs portes mais uniquement pour les boissons et repas \u00e0 emporter.<\/p>\n<p>Approch\u00e9 par la MAP, le Chef de la Division des Affaires Economiques et de la Coordination relevant de la province d\u2019Al Haouz, M. Mohamed Aabbar, a fait savoir que la r\u00e9ouverture de cet espace commercial si important pour la r\u00e9gion, fait suite aux efforts soutenus d\u00e9ploy\u00e9s dans une synergie inou\u00efe entre les autorit\u00e9s provinciales et locales, les services de sant\u00e9, les \u00e9lus locaux, les acteurs de la soci\u00e9t\u00e9 civile et l\u2019ensemble des services concern\u00e9s, en vue de combattre efficacement le coronavirus.<\/p>\n<p>Dans ce sens, il a \u00e9t\u00e9 proc\u00e9d\u00e9 \u00e0 l\u2019adoption d\u2019une batterie de mesures visant \u00e0 all\u00e9ger le confinement sanitaire et ce, en ad\u00e9quation avec la strat\u00e9gie mise en oeuvre par le gouvernement, a relev\u00e9 M. Aabbar, mettant en avant le r\u00f4le jou\u00e9 par le Souk hebdomadaire de Tahanaout en termes de dynamisation \u00e9conomique de la ville comme des autres communes territoriales avoisinantes.<\/p>\n<p>En vue d\u2019assurer la s\u00e9curit\u00e9 sanitaire des citoyens et des commer\u00e7ants, l\u2019effort a port\u00e9, en coordination avec les autorit\u00e9s provinciales, l\u2019ONSSA et l\u2019ensemble des services concern\u00e9s, sur l\u2019organisation d\u2019une large campagne de st\u00e9rilisation, de d\u00e9sinfection et de nettoyage des diff\u00e9rentes d\u00e9pendances et des \u00e9quipements de ce Souk et ce, avant m\u00eame sa r\u00e9ouverture, a-t-il pr\u00e9cis\u00e9.<\/p>\n<p>En outre, l\u2019int\u00e9r\u00eat est port\u00e9, de mani\u00e8re continue, sur la sensibilisation des commer\u00e7ants, des prestataires de services ainsi que des visiteurs quant \u00e0 l\u2019importance d\u2019observer scrupuleusement les mesures sanitaires et pr\u00e9ventives arr\u00eat\u00e9es dans ce sens, a-t-il conclu.<\/p>\n<p>De son c\u00f4t\u00e9, le pr\u00e9sident du Conseil communal de Tahanaout, Ahmed Alla, a fait part de sa fiert\u00e9 de voir la vie reprendre son cours de mani\u00e8re quasi-normale apr\u00e8s trois mois de confinement sanitaire d\u00e9cr\u00e9t\u00e9 en vue d\u2019endiguer la propagation de la Covid-19, louant au passage l\u2019importance de la r\u00e9ouverture du Souk hebdomadaire de Tahanaout.<\/p>\n<p>Il a pass\u00e9 en revue, dans ce sens, une s\u00e9rie de mesures adopt\u00e9es, avant de faire part de ses remerciements \u00e0 l\u2019ensemble des intervenants pour leur abn\u00e9gation et leur engagement sans faille, ce qui a permis \u00e0 la ville de Tahanaout de retrouver sa qualit\u00e9 d\u2019espace o\u00f9 il fait beau-vivre.<\/p>\n<p>Le retour progressif \u00e0 la vie normale sur l\u2019ensemble du territoire de la province d\u2019Al Haouz est de nature \u00e0 att\u00e9nuer consid\u00e9rablement les r\u00e9percussions socio-\u00e9conomiques lourdes engendr\u00e9es par l\u2019\u00e9tat d\u2019urgence sanitaire, notamment sur les couches sociales les plus vuln\u00e9rables.<\/p>\n<p>Pour sa r\u00e9ouverture, le Souk hebdomadaire de Tahanaout a accueilli quelque 2.000 visiteurs venus s\u2019approvisionner et d\u00e9couvrir une multitude de produits propos\u00e9s \u00e0 la vente et ce, dans le cadre de l\u2019observation scrupuleuse d\u2019une panoplie de mesures barri\u00e8res destin\u00e9es \u00e0 \u00e9viter tout rassemblement ou promiscuit\u00e9 au sein de cet espace commercial.<\/p>\n<\/div>\n<p>Auteur: Meriem IGASS<br \/>\n<a href=\"http:\/\/www.mapmarrakech.ma\/fr\/deconfinement-le-retour-a-la-vie-normale-sopere-de-maniere-progressive\/\">Cliquez ici pour lire l&rsquo;article depuis sa source.<\/a><\/p>\n","protected":false},"excerpt":{"rendered":"<p>Tahanaout (province d\u2019Al Haouz) \u2013 Depuis l\u2019adoption de la d\u00e9cision gouvernementale pour un d\u00e9confinement progressif sur l\u2019ensemble du territoire national, la province d\u2019Al Haouz, \u00e0 l\u2019instar d\u2019autres provinces du Royaume, vit au rythme d\u2019un retour \u00e0 la vie normale et ce, pour le bonheur et la grande satisfaction de ses habitants. Class\u00e9e dans la zone [&hellip;]<\/p>\n","protected":false},"author":1788,"featured_media":0,"comment_status":"closed","ping_status":"closed","sticky":false,"template":"","format":"standard","meta":{"fifu_image_url":"","fifu_image_alt":"","footnotes":""},"categories":[54,76],"tags":[],"class_list":["post-89264","post","type-post","status-publish","format-standard","hentry","category-maroc","category-regions"],"_links":{"self":[{"href":"https:\/\/linitiative.ca\/International\/wp-json\/wp\/v2\/posts\/89264","targetHints":{"allow":["GET"]}}],"collection":[{"href":"https:\/\/linitiative.ca\/International\/wp-json\/wp\/v2\/posts"}],"about":[{"href":"https:\/\/linitiative.ca\/International\/wp-json\/wp\/v2\/types\/post"}],"author":[{"embeddable":true,"href":"https:\/\/linitiative.ca\/International\/wp-json\/wp\/v2\/users\/1788"}],"replies":[{"embeddable":true,"href":"https:\/\/linitiative.ca\/International\/wp-json\/wp\/v2\/comments?post=89264"}],"version-history":[{"count":0,"href":"https:\/\/linitiative.ca\/International\/wp-json\/wp\/v2\/posts\/89264\/revisions"}],"wp:attachment":[{"href":"https:\/\/linitiative.ca\/International\/wp-json\/wp\/v2\/media?parent=89264"}],"wp:term":[{"taxonomy":"category","embeddable":true,"href":"https:\/\/linitiative.ca\/International\/wp-json\/wp\/v2\/categories?post=89264"},{"taxonomy":"post_tag","embeddable":true,"href":"https:\/\/linitiative.ca\/International\/wp-json\/wp\/v2\/tags?post=89264"}],"curies":[{"name":"wp","href":"https:\/\/api.w.org\/{rel}","templated":true}]}}