{"id":89265,"date":"2020-06-17T05:14:25","date_gmt":"2020-06-17T09:14:25","guid":{"rendered":"https:\/\/linitiative.ca\/International\/constitution-la-consolidation-de-la-separation-des-pouvoirs-pour-prevenir-les-derives-autocratiques\/"},"modified":"2020-06-17T05:14:25","modified_gmt":"2020-06-17T09:14:25","slug":"constitution-la-consolidation-de-la-separation-des-pouvoirs-pour-prevenir-les-derives-autocratiques","status":"publish","type":"post","link":"https:\/\/linitiative.ca\/International\/constitution-la-consolidation-de-la-separation-des-pouvoirs-pour-prevenir-les-derives-autocratiques\/","title":{"rendered":"Constitution : la consolidation de la s\u00e9paration des pouvoirs pour pr\u00e9venir les d\u00e9rives autocratiques"},"content":{"rendered":"<div readability=\"35\">\n<p><strong>CHLEF- Des participants \u00e0 une visioconf\u00e9rence organis\u00e9e mardi \u00e0 Chlef autour de la mouture de l&rsquo;avant-projet de r\u00e9vision de la Constitution, ont estim\u00e9 que la consolidation de la s\u00e9paration des pouvoirs est \u00e0 m\u00eame de pr\u00e9munir le pays contre toute forme d&rsquo;autocratie.<\/strong><\/p>\n<\/div>\n<div readability=\"100.5\">\n<p>\u00ab\u00a0Au chapitre de la s\u00e9paration des pouvoirs, la mouture de l&rsquo;avant-projet de r\u00e9vision de la Constitution a introduit de nombreuses proc\u00e9dures pour la consolidation de la s\u00e9paration des pouvoirs, de mani\u00e8re \u00e0 pr\u00e9venir toute forme d&rsquo;autocratie\u00a0\u00bb, ont soulign\u00e9 des participants \u00e0 cette rencontre organis\u00e9e au Centre culturel islamique, \u00e0 l\u2019initiative de l\u2019Assembl\u00e9e populaire de la wilaya (APW), en coordination avec l\u2019Universit\u00e9 de Chlef.<\/p>\n<blockquote readability=\"15\">\n<p><em><strong>Explicitant ce principe, le Professeur Ziane Houari, enseignant de droit constitutionnel \u00e0 l\u2019Universit\u00e9 de Chlef, a cit\u00e9 entre autres propositions de la mouture de l\u2019avant-projet de r\u00e9vision constitutionnelle renfor\u00e7ant le principe de s\u00e9paration des pouvoirs, la \u00ab\u00a0r\u00e9duction des pr\u00e9rogatives du Pr\u00e9sident de la R\u00e9publique (\u00e0 caract\u00e8re l\u00e9gislatif notamment), tout en r\u00e9habilitant le Parlement, notamment dans sa fonction de contr\u00f4le de l&rsquo;action du Gouvernement, outre l\u2019organisation du pouvoir ex\u00e9cutif et l\u2019\u00e9laboration du programme d\u2019action du Gouvernement\u00a0\u00bb.<\/strong><\/em><\/p>\n<\/blockquote>\n<p>Poursuivant son analyse de la r\u00e9duction des pr\u00e9rogatives du Pr\u00e9sident, il a cit\u00e9 celle relative \u00e0 \u00ab\u00a0l\u00e9gif\u00e9rer par voie d\u2019ordonnance (prescrite dans la Constitution de 1996, elle accorde au pr\u00e9sident le droit de l\u00e9gif\u00e9rer et de promulguer des lois durant les cong\u00e9s parlementaires et les \u00e9tats d\u2019urgence)\u00a0\u00bb, avant d\u2019\u00eatre amend\u00e9e pour un droit de \u00ab\u00a0l\u00e9gif\u00e9rer par voie d\u2019ordonnance, en cas de vacance parlementaire\u00a0\u00bb.<\/p>\n<p>Le m\u00eame expert en droit constitutionnel a estim\u00e9 que ce dernier amendement \u00ab\u00a0vient corriger certaines pratiques pass\u00e9es, exploitant l\u2019article pour outrepasser les pr\u00e9rogatives du pouvoir l\u00e9gislatif, et faire passer certaines lois durant les cong\u00e9s parlementaires\u00a0\u00bb.<\/p>\n<p>Pr Ziane a \u00e9galement soulign\u00e9 la proposition introduite dans la m\u00eame mouture de la r\u00e9vision constitutionnelle, relative au programme d\u2019action du Gouvernement, qui contrairement \u00e0 ce qui \u00e9tait de mise pr\u00e9c\u00e9demment, o\u00f9 le chef du gouvernement avait l\u2019autonomie totale d\u2019appliquer le \u00ab\u00a0programme du Gouvernement\u00a0\u00bb, le Premier ministre est charg\u00e9 de veiller \u00e0 la mise en \u0153uvre d\u2019un plan d\u2019action, en conformit\u00e9 avec la vision et le programme du pr\u00e9sident.<\/p>\n<blockquote readability=\"12\">\n<p><em><strong>\u00ab\u00a0Cette nouvelle proc\u00e9dure permet au chef du Gouvernement d\u2019\u00e9laborer son programme avec une certaine autonomie, de mani\u00e8re \u00e0 ce qu\u2019il soit inspir\u00e9 du programme de la majorit\u00e9 parlementaire\u00a0\u00bb, et partant, \u00ab\u00a0\u00e9viter un programme d\u00e9doubl\u00e9 pouvant mener \u00e0 des blocages politiques\u00a0\u00bb, a estim\u00e9 le m\u00eame intervenant.<\/strong><\/em><\/p>\n<\/blockquote>\n<p>La professeure en sciences politiques, Bedrouni Anissa, a abord\u00e9 dans son intervention, le chapitre li\u00e9 aux droits fondamentaux et aux libert\u00e9s publiques, en axant sur les principes de la s\u00e9curit\u00e9 juridique, la libert\u00e9 du culte, la libert\u00e9 de la femme et la criminalisation du trafic d\u2019\u00eatres humains.<\/p>\n<p>\u00ab\u00a0L\u2019avant projet de la r\u00e9vision constitutionnelle a confort\u00e9 ces libert\u00e9s et droits, d\u00e9j\u00e0 pr\u00e9sents dans les constitutions pr\u00e9c\u00e9dentes\u00a0\u00bb, a-t-elle soulign\u00e9.<\/p>\n<p>Pour sa part, le coordinateur de cette conf\u00e9rence, Pr. Hassan Mahmoudi, a estim\u00e9 que la proposition au d\u00e9bat de la mouture de l&rsquo;avant-projet de r\u00e9vision de la Constitution, est \u00ab\u00a0la preuve de la vision d\u00e9mocratique de l&rsquo;Institution pr\u00e9sidentielle\u00a0\u00bb.Cette conf\u00e9rence s&rsquo;est termin\u00e9e par de nombreuses recommandations et propositions.<\/p>\n<\/div>\n<p>Auteur:<br \/>\n<a href=\"http:\/\/www.aps.dz\/regions\/106296-constitution-la-consolidation-de-la-separation-des-pouvoirs-pour-prevenir-les-derives-autocratiques\">Cliquez ici pour lire l&rsquo;article depuis sa source.<\/a><\/p>\n","protected":false},"excerpt":{"rendered":"<p>CHLEF- Des participants \u00e0 une visioconf\u00e9rence organis\u00e9e mardi \u00e0 Chlef autour de la mouture de l&rsquo;avant-projet de r\u00e9vision de la Constitution, ont estim\u00e9 que la consolidation de la s\u00e9paration des pouvoirs est \u00e0 m\u00eame de pr\u00e9munir le pays contre toute forme d&rsquo;autocratie. \u00ab\u00a0Au chapitre de la s\u00e9paration des pouvoirs, la mouture de l&rsquo;avant-projet de r\u00e9vision [&hellip;]<\/p>\n","protected":false},"author":1790,"featured_media":0,"comment_status":"closed","ping_status":"closed","sticky":false,"template":"","format":"standard","meta":{"fifu_image_url":"","fifu_image_alt":"","footnotes":""},"categories":[53,76],"tags":[],"class_list":["post-89265","post","type-post","status-publish","format-standard","hentry","category-algerie","category-regions"],"_links":{"self":[{"href":"https:\/\/linitiative.ca\/International\/wp-json\/wp\/v2\/posts\/89265","targetHints":{"allow":["GET"]}}],"collection":[{"href":"https:\/\/linitiative.ca\/International\/wp-json\/wp\/v2\/posts"}],"about":[{"href":"https:\/\/linitiative.ca\/International\/wp-json\/wp\/v2\/types\/post"}],"author":[{"embeddable":true,"href":"https:\/\/linitiative.ca\/International\/wp-json\/wp\/v2\/users\/1790"}],"replies":[{"embeddable":true,"href":"https:\/\/linitiative.ca\/International\/wp-json\/wp\/v2\/comments?post=89265"}],"version-history":[{"count":0,"href":"https:\/\/linitiative.ca\/International\/wp-json\/wp\/v2\/posts\/89265\/revisions"}],"wp:attachment":[{"href":"https:\/\/linitiative.ca\/International\/wp-json\/wp\/v2\/media?parent=89265"}],"wp:term":[{"taxonomy":"category","embeddable":true,"href":"https:\/\/linitiative.ca\/International\/wp-json\/wp\/v2\/categories?post=89265"},{"taxonomy":"post_tag","embeddable":true,"href":"https:\/\/linitiative.ca\/International\/wp-json\/wp\/v2\/tags?post=89265"}],"curies":[{"name":"wp","href":"https:\/\/api.w.org\/{rel}","templated":true}]}}