{"id":89270,"date":"2020-06-16T18:31:46","date_gmt":"2020-06-16T22:31:46","guid":{"rendered":"https:\/\/linitiative.ca\/International\/appel-a-candidature-pour-un-contrat-de-travail-aupres-de-la-banque-mondiale\/"},"modified":"2020-06-16T18:31:46","modified_gmt":"2020-06-16T22:31:46","slug":"appel-a-candidature-pour-un-contrat-de-travail-aupres-de-la-banque-mondiale","status":"publish","type":"post","link":"https:\/\/linitiative.ca\/International\/appel-a-candidature-pour-un-contrat-de-travail-aupres-de-la-banque-mondiale\/","title":{"rendered":"Appel \u00e0 candidature pour un contrat de travail aupr\u00e8s de la Banque mondiale"},"content":{"rendered":"<div class=\"body\">\n<div class=\"field field-name-body field-type-text-with-summary field-label-hidden\">\n<div class=\"field-items\" readability=\"8\">\n<div class=\"field-item even\" property=\"content:encoded\" readability=\"11\">\n<p class=\"rtejustify\">Le groupe Banque mondiale lance un appel \u00e0 candidature dans la cadre de son Yong professionnal Program. Ce nouveau programme a pour objectif le recrutement et le d\u00e9veloppement de futurs leaders qui collaboreront efficacement au sein des diff\u00e9rentes institutions du groupe sur des solutions conjointes aux d\u00e9fis du d\u00e9veloppement de la Banque mondiale. Les jeunes professionnels seront recrut\u00e9s dans le monde entier. Une pr\u00e9f\u00e9rence est tout de m\u00eame accord\u00e9e aux ressortissants des pays membres du groupe Banque mondiale et des pays d\u2019op\u00e9rations dont le Maroc fait partie. Les personnes qualifi\u00e9es de divers horizons professionnels, universitaires et culturels sont ainsi invit\u00e9es \u00e0 postuler avant le 30 juin 2020.<br \/><em>M.A.B.\u00a0<\/em><\/p>\n<\/div>\n<\/div>\n<\/div>\n<\/div>\n<div class=\"eco-conseil\">\n<div class=\"view view-eco-conseil-16 view-id-eco_conseil_16 view-display-id-cookies view-dom-id-8426b545cae0e93392f05cd9e753b1c4\">\n<div class=\"view-content\">\n<div id=\"views-bootstrap-grid-1\" class=\"views-bootstrap-grid-plugin-style\">\n<div class=\"row\">\n<div class=\" col-xs-12 col-lg-4\">\n<div class=\"row\">\n<div class=\"col col-xs-12 col-lg-12\">\n<div class=\"field-content\"><a href=\"\/article\/1063456-le-don-de-cid-et-ses-collaborateurs-au-fonds-covid\"><img loading=\"lazy\" decoding=\"async\" class=\"img-responsive\" typeof=\"foaf:Image\" src=\"https:\/\/www.leconomiste.com\/sites\/default\/files\/eco7\/public\/styles\/800x400\/public\/default_images\/default_une.jpg?itok=4jZlgnIZ\" width=\"660\" height=\"330\" alt=\"\"\/><\/a><\/div>\n<\/div>\n<div class=\" title_suite_2 col col-xs-12 col-lg-12\"> <a href=\"\/article\/1063456-le-don-de-cid-et-ses-collaborateurs-au-fonds-covid\"\/><span class=\"field-content\">Le don de CID et ses collaborateurs au fonds Covid<\/span><\/div>\n<\/div>\n<\/div>\n<div class=\" col-xs-12 col-lg-4\">\n<div class=\"row\">\n<div class=\"col col-xs-12 col-lg-12\">\n<div class=\"field-content\"><a href=\"\/article\/1063455-post-doctorat-des-bourses-de-l-universite-libre-de-bruxelles\"><img loading=\"lazy\" decoding=\"async\" class=\"img-responsive\" typeof=\"foaf:Image\" src=\"https:\/\/www.leconomiste.com\/sites\/default\/files\/eco7\/public\/styles\/800x400\/public\/default_images\/default_une.jpg?itok=4jZlgnIZ\" width=\"660\" height=\"330\" alt=\"\"\/><\/a><\/div>\n<\/div>\n<div class=\" title_suite_2 col col-xs-12 col-lg-12\"> <a href=\"\/article\/1063455-post-doctorat-des-bourses-de-l-universite-libre-de-bruxelles\"\/><span class=\"field-content\">Post-doctorat: Des bourses de l\u2019Universit\u00e9 Libre de Bruxelles<\/span><\/div>\n<\/div>\n<\/div>\n<div class=\" col-xs-12 col-lg-4\">\n<div class=\"row\">\n<div class=\"col col-xs-12 col-lg-12\">\n<div class=\"field-content\"><a href=\"\/article\/1063454-bourses-d-etudes-candidatures-ouvertes-jusqu-fin-juillet\"><img loading=\"lazy\" decoding=\"async\" class=\"img-responsive\" typeof=\"foaf:Image\" src=\"https:\/\/www.leconomiste.com\/sites\/default\/files\/eco7\/public\/styles\/800x400\/public\/default_images\/default_une.jpg?itok=4jZlgnIZ\" width=\"660\" height=\"330\" alt=\"\"\/><\/a><\/div>\n<\/div>\n<div class=\" title_suite_2 col col-xs-12 col-lg-12\"> <a href=\"\/article\/1063454-bourses-d-etudes-candidatures-ouvertes-jusqu-fin-juillet\"\/><span class=\"field-content\">Bourses d\u2019\u00e9tudes: Candidatures ouvertes jusqu\u2019\u00e0 fin juillet<\/span><\/div>\n<\/div>\n<\/div>\n<\/div>\n<\/div>\n<\/div>\n<\/div>\n<\/div>\n<p>Auteur: hlafriqi<br \/>\n<a href=\"https:\/\/www.leconomiste.com\/article\/1063452-appel-candidature-pour-un-contrat-de-travail-aupres-de-la-banque-mondiale\">Cliquez ici pour lire l&rsquo;article depuis sa source.<\/a><\/p>\n","protected":false},"excerpt":{"rendered":"<p>Le groupe Banque mondiale lance un appel \u00e0 candidature dans la cadre de son Yong professionnal Program. Ce nouveau programme a pour objectif le recrutement et le d\u00e9veloppement de futurs leaders qui collaboreront efficacement au sein des diff\u00e9rentes institutions du groupe sur des solutions conjointes aux d\u00e9fis du d\u00e9veloppement de la Banque mondiale. Les jeunes [&hellip;]<\/p>\n","protected":false},"author":1763,"featured_media":0,"comment_status":"closed","ping_status":"closed","sticky":false,"template":"","format":"standard","meta":{"fifu_image_url":"","fifu_image_alt":"","footnotes":""},"categories":[78,54],"tags":[],"class_list":["post-89270","post","type-post","status-publish","format-standard","hentry","category-economie","category-maroc"],"_links":{"self":[{"href":"https:\/\/linitiative.ca\/International\/wp-json\/wp\/v2\/posts\/89270","targetHints":{"allow":["GET"]}}],"collection":[{"href":"https:\/\/linitiative.ca\/International\/wp-json\/wp\/v2\/posts"}],"about":[{"href":"https:\/\/linitiative.ca\/International\/wp-json\/wp\/v2\/types\/post"}],"author":[{"embeddable":true,"href":"https:\/\/linitiative.ca\/International\/wp-json\/wp\/v2\/users\/1763"}],"replies":[{"embeddable":true,"href":"https:\/\/linitiative.ca\/International\/wp-json\/wp\/v2\/comments?post=89270"}],"version-history":[{"count":0,"href":"https:\/\/linitiative.ca\/International\/wp-json\/wp\/v2\/posts\/89270\/revisions"}],"wp:attachment":[{"href":"https:\/\/linitiative.ca\/International\/wp-json\/wp\/v2\/media?parent=89270"}],"wp:term":[{"taxonomy":"category","embeddable":true,"href":"https:\/\/linitiative.ca\/International\/wp-json\/wp\/v2\/categories?post=89270"},{"taxonomy":"post_tag","embeddable":true,"href":"https:\/\/linitiative.ca\/International\/wp-json\/wp\/v2\/tags?post=89270"}],"curies":[{"name":"wp","href":"https:\/\/api.w.org\/{rel}","templated":true}]}}