{"id":89272,"date":"2020-06-16T18:33:43","date_gmt":"2020-06-16T22:33:43","guid":{"rendered":"https:\/\/linitiative.ca\/International\/bourses-detudes-candidatures-ouvertes-jusqua-fin-juillet\/"},"modified":"2020-06-16T18:33:43","modified_gmt":"2020-06-16T22:33:43","slug":"bourses-detudes-candidatures-ouvertes-jusqua-fin-juillet","status":"publish","type":"post","link":"https:\/\/linitiative.ca\/International\/bourses-detudes-candidatures-ouvertes-jusqua-fin-juillet\/","title":{"rendered":"Bourses d\u2019\u00e9tudes: Candidatures ouvertes jusqu\u2019\u00e0 fin juillet"},"content":{"rendered":"<div class=\"author\" readability=\"5.6949152542373\"> Par <a href=\"\/content\/ahlam-nazih\"> Ahlam NAZIH<\/a> <a href=\"\/node\/\"> <\/a> | Edition N\u00b0:5784 Le 17\/06\/2020 | Partager <\/div>\n<div class=\"body\">\n<div class=\"field field-name-body field-type-text-with-summary field-label-hidden\">\n<div class=\"field-items\" readability=\"8.5\">\n<div class=\"field-item even\" property=\"content:encoded\" readability=\"12\">\n<p>Les candidats au bac 2020, marocains ou \u00e9trangers, peuvent postuler depuis lundi dernier pour obtenir une bourse d\u2019\u00e9tudes. Les candidatures seront ouvertes jusqu\u2019au 31 juillet. L\u2019op\u00e9ration passe par voie \u00e9lectronique pour la 4e ann\u00e9e cons\u00e9cutive, via le site minhaty.ma.<br \/><em>A.Na<\/em><\/p>\n<\/div>\n<\/div>\n<\/div>\n<\/div>\n<div class=\"eco-conseil\">\n<div class=\"view view-eco-conseil-16 view-id-eco_conseil_16 view-display-id-cookies view-dom-id-59dc99d7d393da633e8b4efa5a7a8312\">\n<div class=\"view-content\">\n<div id=\"views-bootstrap-grid-1\" class=\"views-bootstrap-grid-plugin-style\">\n<div class=\"row\">\n<div class=\" col-xs-12 col-lg-4\">\n<div class=\"row\">\n<div class=\"col col-xs-12 col-lg-12\">\n<div class=\"field-content\"><a href=\"\/article\/1063456-le-don-de-cid-et-ses-collaborateurs-au-fonds-covid\"><img loading=\"lazy\" decoding=\"async\" class=\"img-responsive\" typeof=\"foaf:Image\" src=\"https:\/\/www.leconomiste.com\/sites\/default\/files\/eco7\/public\/styles\/800x400\/public\/default_images\/default_une.jpg?itok=4jZlgnIZ\" width=\"660\" height=\"330\" alt=\"\"\/><\/a><\/div>\n<\/div>\n<div class=\" title_suite_2 col col-xs-12 col-lg-12\"> <a href=\"\/article\/1063456-le-don-de-cid-et-ses-collaborateurs-au-fonds-covid\"\/><span class=\"field-content\">Le don de CID et ses collaborateurs au fonds Covid<\/span><\/div>\n<\/div>\n<\/div>\n<div class=\" col-xs-12 col-lg-4\">\n<div class=\"row\">\n<div class=\"col col-xs-12 col-lg-12\">\n<div class=\"field-content\"><a href=\"\/article\/1063455-post-doctorat-des-bourses-de-l-universite-libre-de-bruxelles\"><img loading=\"lazy\" decoding=\"async\" class=\"img-responsive\" typeof=\"foaf:Image\" src=\"https:\/\/www.leconomiste.com\/sites\/default\/files\/eco7\/public\/styles\/800x400\/public\/default_images\/default_une.jpg?itok=4jZlgnIZ\" width=\"660\" height=\"330\" alt=\"\"\/><\/a><\/div>\n<\/div>\n<div class=\" title_suite_2 col col-xs-12 col-lg-12\"> <a href=\"\/article\/1063455-post-doctorat-des-bourses-de-l-universite-libre-de-bruxelles\"\/><span class=\"field-content\">Post-doctorat: Des bourses de l\u2019Universit\u00e9 Libre de Bruxelles<\/span><\/div>\n<\/div>\n<\/div>\n<div class=\" col-xs-12 col-lg-4\">\n<div class=\"row\">\n<div class=\"col col-xs-12 col-lg-12\">\n<div class=\"field-content\"><a href=\"\/article\/1063453-el-ferdaous-chez-les-deputes-mardi-prochain\"><img loading=\"lazy\" decoding=\"async\" class=\"img-responsive\" typeof=\"foaf:Image\" src=\"https:\/\/www.leconomiste.com\/sites\/default\/files\/eco7\/public\/styles\/800x400\/public\/default_images\/default_une.jpg?itok=4jZlgnIZ\" width=\"660\" height=\"330\" alt=\"\"\/><\/a><\/div>\n<\/div>\n<div class=\" title_suite_2 col col-xs-12 col-lg-12\"> <a href=\"\/article\/1063453-el-ferdaous-chez-les-deputes-mardi-prochain\"\/><span class=\"field-content\">El Ferdaous chez les d\u00e9put\u00e9s mardi prochain<\/span><\/div>\n<\/div>\n<\/div>\n<\/div>\n<\/div>\n<\/div>\n<\/div>\n<\/div>\n<p>Auteur: hlafriqi<br \/>\n<a href=\"https:\/\/www.leconomiste.com\/article\/1063454-bourses-d-etudes-candidatures-ouvertes-jusqu-fin-juillet\">Cliquez ici pour lire l&rsquo;article depuis sa source.<\/a><\/p>\n","protected":false},"excerpt":{"rendered":"<p>Par Ahlam NAZIH | Edition N\u00b0:5784 Le 17\/06\/2020 | Partager Les candidats au bac 2020, marocains ou \u00e9trangers, peuvent postuler depuis lundi dernier pour obtenir une bourse d\u2019\u00e9tudes. Les candidatures seront ouvertes jusqu\u2019au 31 juillet. L\u2019op\u00e9ration passe par voie \u00e9lectronique pour la 4e ann\u00e9e cons\u00e9cutive, via le site minhaty.ma.A.Na Le don de CID et ses [&hellip;]<\/p>\n","protected":false},"author":1763,"featured_media":0,"comment_status":"closed","ping_status":"closed","sticky":false,"template":"","format":"standard","meta":{"fifu_image_url":"","fifu_image_alt":"","footnotes":""},"categories":[78,54],"tags":[],"class_list":["post-89272","post","type-post","status-publish","format-standard","hentry","category-economie","category-maroc"],"_links":{"self":[{"href":"https:\/\/linitiative.ca\/International\/wp-json\/wp\/v2\/posts\/89272","targetHints":{"allow":["GET"]}}],"collection":[{"href":"https:\/\/linitiative.ca\/International\/wp-json\/wp\/v2\/posts"}],"about":[{"href":"https:\/\/linitiative.ca\/International\/wp-json\/wp\/v2\/types\/post"}],"author":[{"embeddable":true,"href":"https:\/\/linitiative.ca\/International\/wp-json\/wp\/v2\/users\/1763"}],"replies":[{"embeddable":true,"href":"https:\/\/linitiative.ca\/International\/wp-json\/wp\/v2\/comments?post=89272"}],"version-history":[{"count":0,"href":"https:\/\/linitiative.ca\/International\/wp-json\/wp\/v2\/posts\/89272\/revisions"}],"wp:attachment":[{"href":"https:\/\/linitiative.ca\/International\/wp-json\/wp\/v2\/media?parent=89272"}],"wp:term":[{"taxonomy":"category","embeddable":true,"href":"https:\/\/linitiative.ca\/International\/wp-json\/wp\/v2\/categories?post=89272"},{"taxonomy":"post_tag","embeddable":true,"href":"https:\/\/linitiative.ca\/International\/wp-json\/wp\/v2\/tags?post=89272"}],"curies":[{"name":"wp","href":"https:\/\/api.w.org\/{rel}","templated":true}]}}