{"id":89273,"date":"2020-06-16T18:34:37","date_gmt":"2020-06-16T22:34:37","guid":{"rendered":"https:\/\/linitiative.ca\/International\/post-doctorat-des-bourses-de-luniversite-libre-de-bruxelles\/"},"modified":"2020-06-16T18:34:37","modified_gmt":"2020-06-16T22:34:37","slug":"post-doctorat-des-bourses-de-luniversite-libre-de-bruxelles","status":"publish","type":"post","link":"https:\/\/linitiative.ca\/International\/post-doctorat-des-bourses-de-luniversite-libre-de-bruxelles\/","title":{"rendered":"Post-doctorat: Des bourses de l\u2019Universit\u00e9 Libre de Bruxelles"},"content":{"rendered":"<div class=\"author\" readability=\"5.6949152542373\"> Par <a href=\"\/content\/ahlam-nazih\"> Ahlam NAZIH<\/a> <a href=\"\/node\/\"> <\/a> | Edition N\u00b0:5784 Le 17\/06\/2020 | Partager <\/div>\n<div class=\"body\">\n<div class=\"field field-name-body field-type-text-with-summary field-label-hidden\">\n<div class=\"field-items\" readability=\"7.2941176470588\">\n<div class=\"field-item even\" property=\"content:encoded\" readability=\"10.029411764706\">\n<p class=\"rtejustify\">Dans le cadre de son programme post-doctoral, <a href=\"\/cdn-cgi\/l\/email-protection#6a232c2a3f2628\"><span class=\"__cf_email__\" data-cfemail=\"38717e786d747a\">[email\u00a0protected]<\/span><\/a>, l\u2019Universit\u00e9 Libre de Bruxelles offre 21 bourses pour des Marocains. Les candidatures seront cl\u00f4tur\u00e9es le 1er septembre 2020.<br \/><em>\u00a0A.Na\u00a0 <\/em><\/p>\n<\/div>\n<\/div>\n<\/div>\n<\/div>\n<div class=\"eco-conseil\">\n<div class=\"view view-eco-conseil-16 view-id-eco_conseil_16 view-display-id-cookies view-dom-id-43774e94fc9694d25f372b2dc2a4e852\">\n<div class=\"view-content\">\n<div id=\"views-bootstrap-grid-1\" class=\"views-bootstrap-grid-plugin-style\">\n<div class=\"row\">\n<div class=\" col-xs-12 col-lg-4\">\n<div class=\"row\">\n<div class=\"col col-xs-12 col-lg-12\">\n<div class=\"field-content\"><a href=\"\/article\/1063456-le-don-de-cid-et-ses-collaborateurs-au-fonds-covid\"><img loading=\"lazy\" decoding=\"async\" class=\"img-responsive\" typeof=\"foaf:Image\" src=\"https:\/\/www.leconomiste.com\/sites\/default\/files\/eco7\/public\/styles\/800x400\/public\/default_images\/default_une.jpg?itok=4jZlgnIZ\" width=\"660\" height=\"330\" alt=\"\"\/><\/a><\/div>\n<\/div>\n<div class=\" title_suite_2 col col-xs-12 col-lg-12\"> <a href=\"\/article\/1063456-le-don-de-cid-et-ses-collaborateurs-au-fonds-covid\"\/><span class=\"field-content\">Le don de CID et ses collaborateurs au fonds Covid<\/span><\/div>\n<\/div>\n<\/div>\n<div class=\" col-xs-12 col-lg-4\">\n<div class=\"row\">\n<div class=\"col col-xs-12 col-lg-12\">\n<div class=\"field-content\"><a href=\"\/article\/1063454-bourses-d-etudes-candidatures-ouvertes-jusqu-fin-juillet\"><img loading=\"lazy\" decoding=\"async\" class=\"img-responsive\" typeof=\"foaf:Image\" src=\"https:\/\/www.leconomiste.com\/sites\/default\/files\/eco7\/public\/styles\/800x400\/public\/default_images\/default_une.jpg?itok=4jZlgnIZ\" width=\"660\" height=\"330\" alt=\"\"\/><\/a><\/div>\n<\/div>\n<div class=\" title_suite_2 col col-xs-12 col-lg-12\"> <a href=\"\/article\/1063454-bourses-d-etudes-candidatures-ouvertes-jusqu-fin-juillet\"\/><span class=\"field-content\">Bourses d\u2019\u00e9tudes: Candidatures ouvertes jusqu\u2019\u00e0 fin juillet<\/span><\/div>\n<\/div>\n<\/div>\n<div class=\" col-xs-12 col-lg-4\">\n<div class=\"row\">\n<div class=\"col col-xs-12 col-lg-12\">\n<div class=\"field-content\"><a href=\"\/article\/1063453-el-ferdaous-chez-les-deputes-mardi-prochain\"><img loading=\"lazy\" decoding=\"async\" class=\"img-responsive\" typeof=\"foaf:Image\" src=\"https:\/\/www.leconomiste.com\/sites\/default\/files\/eco7\/public\/styles\/800x400\/public\/default_images\/default_une.jpg?itok=4jZlgnIZ\" width=\"660\" height=\"330\" alt=\"\"\/><\/a><\/div>\n<\/div>\n<div class=\" title_suite_2 col col-xs-12 col-lg-12\"> <a href=\"\/article\/1063453-el-ferdaous-chez-les-deputes-mardi-prochain\"\/><span class=\"field-content\">El Ferdaous chez les d\u00e9put\u00e9s mardi prochain<\/span><\/div>\n<\/div>\n<\/div>\n<\/div>\n<\/div>\n<\/div>\n<\/div>\n<\/div>\n<p>Auteur: hlafriqi<br \/>\n<a href=\"https:\/\/www.leconomiste.com\/article\/1063455-post-doctorat-des-bourses-de-l-universite-libre-de-bruxelles\">Cliquez ici pour lire l&rsquo;article depuis sa source.<\/a><\/p>\n","protected":false},"excerpt":{"rendered":"<p>Par Ahlam NAZIH | Edition N\u00b0:5784 Le 17\/06\/2020 | Partager Dans le cadre de son programme post-doctoral, [email\u00a0protected], l\u2019Universit\u00e9 Libre de Bruxelles offre 21 bourses pour des Marocains. Les candidatures seront cl\u00f4tur\u00e9es le 1er septembre 2020.\u00a0A.Na\u00a0 Le don de CID et ses collaborateurs au fonds Covid Bourses d\u2019\u00e9tudes: Candidatures ouvertes jusqu\u2019\u00e0 fin juillet El Ferdaous [&hellip;]<\/p>\n","protected":false},"author":1763,"featured_media":0,"comment_status":"closed","ping_status":"closed","sticky":false,"template":"","format":"standard","meta":{"fifu_image_url":"","fifu_image_alt":"","footnotes":""},"categories":[78,54],"tags":[],"class_list":["post-89273","post","type-post","status-publish","format-standard","hentry","category-economie","category-maroc"],"_links":{"self":[{"href":"https:\/\/linitiative.ca\/International\/wp-json\/wp\/v2\/posts\/89273","targetHints":{"allow":["GET"]}}],"collection":[{"href":"https:\/\/linitiative.ca\/International\/wp-json\/wp\/v2\/posts"}],"about":[{"href":"https:\/\/linitiative.ca\/International\/wp-json\/wp\/v2\/types\/post"}],"author":[{"embeddable":true,"href":"https:\/\/linitiative.ca\/International\/wp-json\/wp\/v2\/users\/1763"}],"replies":[{"embeddable":true,"href":"https:\/\/linitiative.ca\/International\/wp-json\/wp\/v2\/comments?post=89273"}],"version-history":[{"count":0,"href":"https:\/\/linitiative.ca\/International\/wp-json\/wp\/v2\/posts\/89273\/revisions"}],"wp:attachment":[{"href":"https:\/\/linitiative.ca\/International\/wp-json\/wp\/v2\/media?parent=89273"}],"wp:term":[{"taxonomy":"category","embeddable":true,"href":"https:\/\/linitiative.ca\/International\/wp-json\/wp\/v2\/categories?post=89273"},{"taxonomy":"post_tag","embeddable":true,"href":"https:\/\/linitiative.ca\/International\/wp-json\/wp\/v2\/tags?post=89273"}],"curies":[{"name":"wp","href":"https:\/\/api.w.org\/{rel}","templated":true}]}}