{"id":89274,"date":"2020-06-16T18:35:47","date_gmt":"2020-06-16T22:35:47","guid":{"rendered":"https:\/\/linitiative.ca\/International\/le-don-de-cid-et-ses-collaborateurs-au-fonds-covid\/"},"modified":"2020-06-16T18:35:47","modified_gmt":"2020-06-16T22:35:47","slug":"le-don-de-cid-et-ses-collaborateurs-au-fonds-covid","status":"publish","type":"post","link":"https:\/\/linitiative.ca\/International\/le-don-de-cid-et-ses-collaborateurs-au-fonds-covid\/","title":{"rendered":"Le don de CID et ses collaborateurs au fonds Covid"},"content":{"rendered":"<div class=\"body\">\n<div class=\"field field-name-body field-type-text-with-summary field-label-hidden\">\n<div class=\"field-items\" readability=\"9\">\n<div class=\"field-item even\" property=\"content:encoded\" readability=\"13\">\n<p class=\"rtejustify\">Le bureau d\u2019\u00e9tudes CID, PME de conseil et d\u2019ing\u00e9nierie et tout son effectif ont fait un don de 1,93 million de DH au Fonds sp\u00e9cial Covid-19. \u00abCette contribution est une marque de solidarit\u00e9 de notre soci\u00e9t\u00e9 pour faire face \u00e0 la sanitaire due au coronavirus\u00bb, souligne le bureau d\u2019\u00e9tudes dans un communiqu\u00e9.<br \/><em>A.S.<\/em><\/p>\n<\/div>\n<\/div>\n<\/div>\n<\/div>\n<div class=\"eco-conseil\">\n<div class=\"view view-eco-conseil-16 view-id-eco_conseil_16 view-display-id-cookies view-dom-id-7ed014f6248ee0e18aad6a4657e11c26\">\n<div class=\"view-content\">\n<div id=\"views-bootstrap-grid-1\" class=\"views-bootstrap-grid-plugin-style\">\n<div class=\"row\">\n<div class=\" col-xs-12 col-lg-4\">\n<div class=\"row\">\n<div class=\"col col-xs-12 col-lg-12\">\n<div class=\"field-content\"><a href=\"\/article\/1063455-post-doctorat-des-bourses-de-l-universite-libre-de-bruxelles\"><img loading=\"lazy\" decoding=\"async\" class=\"img-responsive\" typeof=\"foaf:Image\" src=\"https:\/\/www.leconomiste.com\/sites\/default\/files\/eco7\/public\/styles\/800x400\/public\/default_images\/default_une.jpg?itok=4jZlgnIZ\" width=\"660\" height=\"330\" alt=\"\"\/><\/a><\/div>\n<\/div>\n<div class=\" title_suite_2 col col-xs-12 col-lg-12\"> <a href=\"\/article\/1063455-post-doctorat-des-bourses-de-l-universite-libre-de-bruxelles\"\/><span class=\"field-content\">Post-doctorat: Des bourses de l\u2019Universit\u00e9 Libre de Bruxelles<\/span><\/div>\n<\/div>\n<\/div>\n<div class=\" col-xs-12 col-lg-4\">\n<div class=\"row\">\n<div class=\"col col-xs-12 col-lg-12\">\n<div class=\"field-content\"><a href=\"\/article\/1063454-bourses-d-etudes-candidatures-ouvertes-jusqu-fin-juillet\"><img loading=\"lazy\" decoding=\"async\" class=\"img-responsive\" typeof=\"foaf:Image\" src=\"https:\/\/www.leconomiste.com\/sites\/default\/files\/eco7\/public\/styles\/800x400\/public\/default_images\/default_une.jpg?itok=4jZlgnIZ\" width=\"660\" height=\"330\" alt=\"\"\/><\/a><\/div>\n<\/div>\n<div class=\" title_suite_2 col col-xs-12 col-lg-12\"> <a href=\"\/article\/1063454-bourses-d-etudes-candidatures-ouvertes-jusqu-fin-juillet\"\/><span class=\"field-content\">Bourses d\u2019\u00e9tudes: Candidatures ouvertes jusqu\u2019\u00e0 fin juillet<\/span><\/div>\n<\/div>\n<\/div>\n<div class=\" col-xs-12 col-lg-4\">\n<div class=\"row\">\n<div class=\"col col-xs-12 col-lg-12\">\n<div class=\"field-content\"><a href=\"\/article\/1063453-el-ferdaous-chez-les-deputes-mardi-prochain\"><img loading=\"lazy\" decoding=\"async\" class=\"img-responsive\" typeof=\"foaf:Image\" src=\"https:\/\/www.leconomiste.com\/sites\/default\/files\/eco7\/public\/styles\/800x400\/public\/default_images\/default_une.jpg?itok=4jZlgnIZ\" width=\"660\" height=\"330\" alt=\"\"\/><\/a><\/div>\n<\/div>\n<div class=\" title_suite_2 col col-xs-12 col-lg-12\"> <a href=\"\/article\/1063453-el-ferdaous-chez-les-deputes-mardi-prochain\"\/><span class=\"field-content\">El Ferdaous chez les d\u00e9put\u00e9s mardi prochain<\/span><\/div>\n<\/div>\n<\/div>\n<\/div>\n<\/div>\n<\/div>\n<\/div>\n<\/div>\n<p>Auteur: hlafriqi<br \/>\n<a href=\"https:\/\/www.leconomiste.com\/article\/1063456-le-don-de-cid-et-ses-collaborateurs-au-fonds-covid\">Cliquez ici pour lire l&rsquo;article depuis sa source.<\/a><\/p>\n","protected":false},"excerpt":{"rendered":"<p>Le bureau d\u2019\u00e9tudes CID, PME de conseil et d\u2019ing\u00e9nierie et tout son effectif ont fait un don de 1,93 million de DH au Fonds sp\u00e9cial Covid-19. \u00abCette contribution est une marque de solidarit\u00e9 de notre soci\u00e9t\u00e9 pour faire face \u00e0 la sanitaire due au coronavirus\u00bb, souligne le bureau d\u2019\u00e9tudes dans un communiqu\u00e9.A.S. Post-doctorat: Des bourses [&hellip;]<\/p>\n","protected":false},"author":1763,"featured_media":0,"comment_status":"closed","ping_status":"closed","sticky":false,"template":"","format":"standard","meta":{"fifu_image_url":"","fifu_image_alt":"","footnotes":""},"categories":[78,54],"tags":[],"class_list":["post-89274","post","type-post","status-publish","format-standard","hentry","category-economie","category-maroc"],"_links":{"self":[{"href":"https:\/\/linitiative.ca\/International\/wp-json\/wp\/v2\/posts\/89274","targetHints":{"allow":["GET"]}}],"collection":[{"href":"https:\/\/linitiative.ca\/International\/wp-json\/wp\/v2\/posts"}],"about":[{"href":"https:\/\/linitiative.ca\/International\/wp-json\/wp\/v2\/types\/post"}],"author":[{"embeddable":true,"href":"https:\/\/linitiative.ca\/International\/wp-json\/wp\/v2\/users\/1763"}],"replies":[{"embeddable":true,"href":"https:\/\/linitiative.ca\/International\/wp-json\/wp\/v2\/comments?post=89274"}],"version-history":[{"count":0,"href":"https:\/\/linitiative.ca\/International\/wp-json\/wp\/v2\/posts\/89274\/revisions"}],"wp:attachment":[{"href":"https:\/\/linitiative.ca\/International\/wp-json\/wp\/v2\/media?parent=89274"}],"wp:term":[{"taxonomy":"category","embeddable":true,"href":"https:\/\/linitiative.ca\/International\/wp-json\/wp\/v2\/categories?post=89274"},{"taxonomy":"post_tag","embeddable":true,"href":"https:\/\/linitiative.ca\/International\/wp-json\/wp\/v2\/tags?post=89274"}],"curies":[{"name":"wp","href":"https:\/\/api.w.org\/{rel}","templated":true}]}}