{"id":89292,"date":"2020-06-17T08:36:38","date_gmt":"2020-06-17T12:36:38","guid":{"rendered":"https:\/\/linitiative.ca\/International\/106312-jm-oran-2022-nouvelle-reunion-cojm-cijm-le-2-juillet-prochain\/"},"modified":"2020-06-17T08:36:38","modified_gmt":"2020-06-17T12:36:38","slug":"106312-jm-oran-2022-nouvelle-reunion-cojm-cijm-le-2-juillet-prochain","status":"publish","type":"post","link":"https:\/\/linitiative.ca\/International\/106312-jm-oran-2022-nouvelle-reunion-cojm-cijm-le-2-juillet-prochain\/","title":{"rendered":"JM Oran-2022 : nouvelle r\u00e9union COJM-CIJM le 2 juillet prochain"},"content":{"rendered":"<div readability=\"37\">\n<p><strong>ORAN- Le Comit\u00e9 d\u2019organisation de la 19e \u00e9dition des Jeux m\u00e9diterran\u00e9ens (COJM), pr\u00e9vue \u00e0 Oran en 2022, tiendra le 2 juillet prochain une nouvelle r\u00e9union avec la commission de coordination relevant du Comit\u00e9 international des jeux (CIJM), a-t-on appris mercredi du COJM.<\/strong><\/p>\n<\/div>\n<div readability=\"69\">\n<p>Il s\u2019agit de la deuxi\u00e8me r\u00e9union entre les deux parties en l\u2019espace de moins d\u2019un mois apr\u00e8s celle tenue par visioconf\u00e9rence jeudi pass\u00e9, pr\u00e9cise-t-on de m\u00eame source.<\/p>\n<p>Le rendez-vous du 2 juillet, qui se tiendra \u00e9galement par visioconf\u00e9rence, sera une autre occasion pour les 12 commissions du COJM de passer en revue le travail r\u00e9alis\u00e9 dans le cadre des pr\u00e9paratifs du rendez-vous m\u00e9diterran\u00e9en, surtout apr\u00e8s le report, d&rsquo;une ann\u00e9e, de la prochaine \u00e9dition en raison de la pand\u00e9mie de coronavirus, souligne-t-on encore de m\u00eame source.<\/p>\n<p>Lors de la pr\u00e9c\u00e9dente r\u00e9union, le pr\u00e9sident de la commission de coordination du CIJM, le Fran\u00e7ais Bernard Amslam, avait notamment mis en garde contre tout rel\u00e2chement apr\u00e8s le d\u00e9calage des jeux qui auront lieu finalement du 25 juin au 5 juillet 2022.<\/p>\n<blockquote readability=\"13\">\n<p><em><strong>\u00ab\u00a0Le report des JM \u00e9tait plus que n\u00e9cessaire apr\u00e8s que les Jeux olympiques,pr\u00e9vus pour cet \u00e9t\u00e9, aient \u00e9t\u00e9 renvoy\u00e9s \u00e0 2021. On devait donc \u00e9viter tout chevauchement entre les deux \u00e9v\u00e8nements pour assurer un maximum de r\u00e9ussite au rendez-vous d\u2019Oran\u00a0\u00bb, avait d\u00e9clar\u00e9 le directeur g\u00e9n\u00e9ral du COJM, Salim Iles, \u00e0 l\u2019APS. Ce dernier a affich\u00e9 son optimisme quant \u00e0 la participation des meilleurs athl\u00e8tes des pays du bassin m\u00e9diterran\u00e9en \u00e0 l\u2019\u00e9dition d\u2019Oran.<\/strong><\/em><\/p>\n<\/blockquote>\n<p>Il avait, en outre, assur\u00e9 que malgr\u00e9 le report des JM et la p\u00e9riode de confinement dict\u00e9e par la propagation du Covid-19 dans le monde entier, ses assistants et lui ont redoubl\u00e9 d&rsquo;efforts et sont parvenus \u00e0 r\u00e9ajuster le calendrier des diff\u00e9rentes \u00e9preuves avec les nouvelles dates de la 19e \u00e9dition.<\/p>\n<p>Tous les points seront pr\u00e9sent\u00e9s \u00e0 la commission de coordination du CIJM au cours de la prochaine r\u00e9union que le COJM compte aborder avec \u00ab\u00a0assurance\u00a0\u00bb, rassure-t-on de m\u00eame source.<\/p>\n<\/div>\n<p>Auteur:<br \/>\n<a href=\"http:\/\/www.aps.dz\/sport\/106312-jm-oran-2022-nouvelle-reunion-cojm-cijm-le-2-juillet-prochain?utm_source=feedburner&#038;utm_medium=feed&#038;utm_campaign=Feed%3A+aps-sport+%28APS+-+SPORT%29\">Cliquez ici pour lire l&rsquo;article depuis sa source.<\/a><\/p>\n","protected":false},"excerpt":{"rendered":"<p>ORAN- Le Comit\u00e9 d\u2019organisation de la 19e \u00e9dition des Jeux m\u00e9diterran\u00e9ens (COJM), pr\u00e9vue \u00e0 Oran en 2022, tiendra le 2 juillet prochain une nouvelle r\u00e9union avec la commission de coordination relevant du Comit\u00e9 international des jeux (CIJM), a-t-on appris mercredi du COJM. Il s\u2019agit de la deuxi\u00e8me r\u00e9union entre les deux parties en l\u2019espace de [&hellip;]<\/p>\n","protected":false},"author":1790,"featured_media":0,"comment_status":"closed","ping_status":"closed","sticky":false,"template":"","format":"standard","meta":{"fifu_image_url":"","fifu_image_alt":"","footnotes":""},"categories":[53,75],"tags":[],"class_list":["post-89292","post","type-post","status-publish","format-standard","hentry","category-algerie","category-sport"],"_links":{"self":[{"href":"https:\/\/linitiative.ca\/International\/wp-json\/wp\/v2\/posts\/89292","targetHints":{"allow":["GET"]}}],"collection":[{"href":"https:\/\/linitiative.ca\/International\/wp-json\/wp\/v2\/posts"}],"about":[{"href":"https:\/\/linitiative.ca\/International\/wp-json\/wp\/v2\/types\/post"}],"author":[{"embeddable":true,"href":"https:\/\/linitiative.ca\/International\/wp-json\/wp\/v2\/users\/1790"}],"replies":[{"embeddable":true,"href":"https:\/\/linitiative.ca\/International\/wp-json\/wp\/v2\/comments?post=89292"}],"version-history":[{"count":0,"href":"https:\/\/linitiative.ca\/International\/wp-json\/wp\/v2\/posts\/89292\/revisions"}],"wp:attachment":[{"href":"https:\/\/linitiative.ca\/International\/wp-json\/wp\/v2\/media?parent=89292"}],"wp:term":[{"taxonomy":"category","embeddable":true,"href":"https:\/\/linitiative.ca\/International\/wp-json\/wp\/v2\/categories?post=89292"},{"taxonomy":"post_tag","embeddable":true,"href":"https:\/\/linitiative.ca\/International\/wp-json\/wp\/v2\/tags?post=89292"}],"curies":[{"name":"wp","href":"https:\/\/api.w.org\/{rel}","templated":true}]}}