{"id":89293,"date":"2020-06-17T11:19:13","date_gmt":"2020-06-17T15:19:13","guid":{"rendered":"https:\/\/linitiative.ca\/International\/106323-lutte-contre-le-covid-19-l-approche-scientifique-et-realiste-de-l-algerie-saluee-par-les-ministres-de-la-jeunesse-africains\/"},"modified":"2020-06-17T11:19:13","modified_gmt":"2020-06-17T15:19:13","slug":"106323-lutte-contre-le-covid-19-l-approche-scientifique-et-realiste-de-l-algerie-saluee-par-les-ministres-de-la-jeunesse-africains","status":"publish","type":"post","link":"https:\/\/linitiative.ca\/International\/106323-lutte-contre-le-covid-19-l-approche-scientifique-et-realiste-de-l-algerie-saluee-par-les-ministres-de-la-jeunesse-africains\/","title":{"rendered":"Lutte contre le Covid-19: l\u2019approche scientifique et r\u00e9aliste de l\u2019Alg\u00e9rie salu\u00e9e"},"content":{"rendered":"<div readability=\"41\">\n<p><strong>ALGER- L\u2019approche \u00ab\u00a0scientifique et r\u00e9aliste\u00a0\u00bb de l\u2019Alg\u00e9rie, en mati\u00e8re de lutte contre le Coronavirus, a \u00e9t\u00e9 salu\u00e9e par les ministres de la Jeunesse de l\u2019Union africaine (UA), a affirm\u00e9 mercredi \u00e0 Alger, le ministre de la Jeunesse et des Sports, Sid Ali Khaldi, assurant que la riposte de l\u2019Afrique face au virus est \u00ab\u00a0plut\u00f4t satisfaisante\u00a0\u00bb.<\/strong><\/p>\n<\/div>\n<div readability=\"124\">\n<p>\u00ab\u00a0Les confr\u00e8res et amis africains ont salu\u00e9 l\u2019approche alg\u00e9rienne en mati\u00e8re de lutte contre la crise sanitaire du Coronavirus car celle-ci est bas\u00e9e sur une approche scientifique et r\u00e9aliste, s\u2019appuyant sur des comp\u00e9tences nationales et s\u2019inscrivant dans le cadre d\u2019un plan national global ayant abouti \u00e0 la cr\u00e9ation d\u2019une Agence nationale d\u00e9di\u00e9e \u00e0 la S\u00e9curit\u00e9 sanitaire\u00a0\u00bb, a d\u00e9clar\u00e9 le ministre \u00e0 la presse.<\/p>\n<blockquote readability=\"10\">\n<p><em><strong>S\u2019exprimant en marge d\u2019une r\u00e9union consultative virtuelle des ministres africains de la Jeunesse sur la pand\u00e9mie du Coronavirus, le ministre a pr\u00e9cis\u00e9 que l\u2019objectif de cette rencontre est \u00ab\u00a0le partage des exp\u00e9riences\u00a0\u00bb des pays participants, relevant celle\u00a0 \u00ab\u00a0leader de l\u2019Alg\u00e9rie\u00a0\u00bb s\u2019agissant de la gestion de cette crise sanitaire.<\/strong><\/em><\/p>\n<\/blockquote>\n<p>Par ailleurs, et lors de son intervention en visioconf\u00e9rence, le ministre a tenu \u00e0 relever la \u00ab\u00a0d\u00e9marche solidaire et proactive\u00a0\u00bb de l\u2019Afrique gr\u00e2ce \u00e0 laquelle la r\u00e9ponse du continent face au Covid-19 est \u00ab\u00a0plut\u00f4t satisfaite au regard de la situation pand\u00e9mique g\u00e9n\u00e9rale sur le continent\u00a0\u00bb.<\/p>\n<p>\u00a0Rappelant que l\u2019impact de cette derni\u00e8re \u00ab\u00a0n\u2019a pas \u00e9t\u00e9 le m\u00eame pour l\u2019ensemble des pays, des communaut\u00e9s et des populations au sein d\u2019un m\u00eame pays\u00a0\u00bb, il a indiqu\u00e9 que cette situation est induite par les \u00ab\u00a0disparit\u00e9s\u00a0\u00bb caract\u00e9risant les diff\u00e9rents syst\u00e8mes de sant\u00e9.<\/p>\n<blockquote readability=\"14\">\n<p><em><strong>\u00ab\u00a0C\u2019est ce qui a, vraisemblablement, laiss\u00e9 courir des pr\u00e9dictions des plus difficiles pour l\u2019Afrique\u00a0\u00bb, a-t-il comment\u00e9, rappelant la cr\u00e9ation, d\u00e9s les premi\u00e8res semaines de la pand\u00e9mie, d\u2019un Fonds destin\u00e9 aux actions de solidarit\u00e9, de pr\u00e9vention et de lutte contre le Coronavirus.<\/strong><\/em><\/p>\n<\/blockquote>\n<p>Cette action, a-t-il poursuivi, a \u00e9t\u00e9 accompagn\u00e9e par \u00ab\u00a0un suivi scientifique\u00a0\u00bb de la pand\u00e9mie dans le continent, \u00e0 travers le Centre africain de Contr\u00f4le et de Pr\u00e9vention des Maladies (CDC), se f\u00e9licitant que cette approche ait permis \u00e0 de \u00ab\u00a0r\u00e9duire au maximum\u00a0\u00bb la propagation du Covid-19 et de se positionner parmi les r\u00e9gions \u00ab\u00a0les moins touch\u00e9es \u00e0 l\u2019\u00e9chelle mondiale\u00a0\u00bb.<\/p>\n<p>M.Khaldi a tenu \u00e0 souligner \u00e9galement \u00ab\u00a0l\u2019\u00e9lan solidaire de l\u2019Afrique dans la gestion de cette crise mondiale, citant, s\u2019agissant de l\u2019Alg\u00e9rie, les aides en produits m\u00e9dicaux et de pr\u00e9vention achemin\u00e9es aux r\u00e9fugi\u00e9s sahraouis, avant de plaider pour que la jeunesse africaine soit \u00ab\u00a0au c\u0153ur de la r\u00e9ponse\u00a0\u00bb r\u00e9serv\u00e9e au Covid-19.<\/p>\n<p>Une d\u00e9marche qui, selon lui, doit se d\u00e9cliner en deux aspects essentiels :<\/p>\n<p>le premier \u00e9tant \u00ab\u00a0d\u2019\u00e9tudier de pr\u00e8s l\u2019impact\u00a0\u00bb de la pand\u00e9mie sur cette\u00a0 frange de la population, tandis que le second consistera en son \u00ab\u00a0association pleine et enti\u00e8re\u00a0\u00bb aux efforts de pr\u00e9vention et de lutte contre cette crise sanitaire.<\/p>\n<blockquote readability=\"13\">\n<p><em><strong>\u00ab\u00a0L\u2019avantage comparatif d\u2019une telle d\u00e9marche r\u00e9side en sa capacit\u00e9, non seulement \u00e0 prot\u00e9ger la jeunesse des effets n\u00e9fastes de la pand\u00e9mie mais aussi \u00e0 garantir la mise \u00e0<\/strong> <strong>profit de son \u00e9nergie, son engagement, son savoir-faire, sa cr\u00e9ativit\u00e9 et sa d\u00e9termination pour la pr\u00e9vention et la lutte contre le Covid-19&Prime;, a-t-il explicit\u00e9.\u00a0\u00a0<\/strong><\/em><\/p>\n<\/blockquote>\n<p>En outre, le ministre a estim\u00e9 que la\u00a0 jeunesse africaine est une \u00ab\u00a0ressource absolument cruciale pour faire face aux challenges de notre \u00e9poque\u00a0\u00bb, avant de noter que la jeunesse alg\u00e9rienne a fait montre d\u2019un \u00ab\u00a0\u00e9lan de solidarit\u00e9 exceptionnel \u00e0 travers le territoire national, et depuis l\u2019\u00e9tranger, pour prendre part et soutenir l\u2019effort national de lutte contre le Covid-19\u00a0\u00bb.<\/p>\n<p>Et de citer, \u00e0 ce sujet, les principales actions entreprises par les jeunes, dont la confection de fournitures m\u00e9dicales et de produits de protection et de pr\u00e9vention,\u00a0 l\u2019organisation de campagnes de d\u00e9sinfection des espaces publiques, l\u2019assistance aux personnes malades chroniques, la participation \u00e0 la prise en charges des Sans Domicile fixe (SDF), etc.<\/p>\n<p>\u00ab\u00a0La r\u00e9alisation de cet objectif ne se fera pas en dehors de Plans nationaux Jeunesse, bas\u00e9s sur une vision globale incluant tous les domaines, en particulier la formation et le renforcement des capacit\u00e9s, l&#8217;emploi et l&rsquo;entrepreneuriat, les sports, la culture, le divertissement et la science, et en bonne place la participation des jeunes \u00e0 la vie publique\u00a0\u00bb, a conclu M. Khaldi.<\/p>\n<\/div>\n<p>Auteur:<br \/>\n<a href=\"http:\/\/www.aps.dz\/sport\/106323-lutte-contre-le-covid-19-l-approche-scientifique-et-realiste-de-l-algerie-saluee-par-les-ministres-de-la-jeunesse-africains?utm_source=feedburner&#038;utm_medium=feed&#038;utm_campaign=Feed%3A+aps-sport+%28APS+-+SPORT%29\">Cliquez ici pour lire l&rsquo;article depuis sa source.<\/a><\/p>\n","protected":false},"excerpt":{"rendered":"<p>ALGER- L\u2019approche \u00ab\u00a0scientifique et r\u00e9aliste\u00a0\u00bb de l\u2019Alg\u00e9rie, en mati\u00e8re de lutte contre le Coronavirus, a \u00e9t\u00e9 salu\u00e9e par les ministres de la Jeunesse de l\u2019Union africaine (UA), a affirm\u00e9 mercredi \u00e0 Alger, le ministre de la Jeunesse et des Sports, Sid Ali Khaldi, assurant que la riposte de l\u2019Afrique face au virus est \u00ab\u00a0plut\u00f4t satisfaisante\u00a0\u00bb. [&hellip;]<\/p>\n","protected":false},"author":1790,"featured_media":0,"comment_status":"closed","ping_status":"closed","sticky":false,"template":"","format":"standard","meta":{"fifu_image_url":"","fifu_image_alt":"","footnotes":""},"categories":[53,75],"tags":[],"class_list":["post-89293","post","type-post","status-publish","format-standard","hentry","category-algerie","category-sport"],"_links":{"self":[{"href":"https:\/\/linitiative.ca\/International\/wp-json\/wp\/v2\/posts\/89293","targetHints":{"allow":["GET"]}}],"collection":[{"href":"https:\/\/linitiative.ca\/International\/wp-json\/wp\/v2\/posts"}],"about":[{"href":"https:\/\/linitiative.ca\/International\/wp-json\/wp\/v2\/types\/post"}],"author":[{"embeddable":true,"href":"https:\/\/linitiative.ca\/International\/wp-json\/wp\/v2\/users\/1790"}],"replies":[{"embeddable":true,"href":"https:\/\/linitiative.ca\/International\/wp-json\/wp\/v2\/comments?post=89293"}],"version-history":[{"count":0,"href":"https:\/\/linitiative.ca\/International\/wp-json\/wp\/v2\/posts\/89293\/revisions"}],"wp:attachment":[{"href":"https:\/\/linitiative.ca\/International\/wp-json\/wp\/v2\/media?parent=89293"}],"wp:term":[{"taxonomy":"category","embeddable":true,"href":"https:\/\/linitiative.ca\/International\/wp-json\/wp\/v2\/categories?post=89293"},{"taxonomy":"post_tag","embeddable":true,"href":"https:\/\/linitiative.ca\/International\/wp-json\/wp\/v2\/tags?post=89293"}],"curies":[{"name":"wp","href":"https:\/\/api.w.org\/{rel}","templated":true}]}}