{"id":89308,"date":"2020-06-17T12:29:00","date_gmt":"2020-06-17T16:29:00","guid":{"rendered":"https:\/\/linitiative.ca\/International\/slim-karem\/"},"modified":"2020-06-17T12:29:00","modified_gmt":"2020-06-17T16:29:00","slug":"slim-karem","status":"publish","type":"post","link":"https:\/\/linitiative.ca\/International\/slim-karem\/","title":{"rendered":"Slim Karem"},"content":{"rendered":"<p><span class=\"c2\"><strong>\u2022<\/strong><\/span> Chirurgien des h\u00f4pitaux au CHU de Clermont-Ferrand<\/p>\n<p><span class=\"c2\"><strong>\u2022<\/strong><\/span> Sp\u00e9cialit\u00e9 Chirurgie visc\u00e9rale et digestive<\/p>\n<p><span class=\"c2\"><strong>\u2022<\/strong><\/span> Chef de Service de Chirurgie Ambulatoire au CHU Estaing, Clermont-Ferrand<\/p>\n<p><span class=\"c2\"><strong>\u2022<\/strong><\/span> Mari\u00e9 et p\u00e8re de deux enfants<\/p>\n<p><span class=\"c2\"><strong>\u2022<\/strong><\/span> N\u00e9 le 16 novembre 1956<\/p>\n<p><span class=\"c2\"><strong>\u2022<\/strong><\/span> Nationalit\u00e9 : fran\u00e7aise &amp; tunisienne<\/p>\n<p><span class=\"c4\"><span class=\"c3\"><strong>Parcours Professionnel<\/strong><\/span><\/span><\/p>\n<p><span class=\"c2\"><strong>1988 :<\/strong><\/span> R\u00e9sident des H\u00f4pitaux de Paris \u00e0 l\u2019H\u00f4pital Henri Mondor, Cr\u00e9teil<\/p>\n<p><span class=\"c2\"><strong>1991 :<\/strong><\/span> Chef de Clinique \u00e0 la Facult\u00e9 de M\u00e9decine, puis Praticien Hospitalier chirurgien des h\u00f4pitaux de Clermont-Ferrand.<\/p>\n<p><span class=\"c2\"><strong>2000 :<\/strong><\/span> Professeur Associ\u00e9 \u00e0 la Facult\u00e9 de M\u00e9decine de Clermont-Ferrand<\/p>\n<p><span class=\"c2\"><strong>2006 :<\/strong><\/span> Professeur Associ\u00e9 \u00e9tranger \u00e0 la Facult\u00e9 de M\u00e9decine de Tunis<\/p>\n<p><span class=\"c2\"><strong>2012 :<\/strong><\/span> Responsable de l\u2019Unit\u00e9 de Chirurgie Ambulatoire au CHU Estaing Clermont-Ferrand<\/p>\n<p><span class=\"c2\"><strong>2019 :<\/strong><\/span> Expert judiciaire pr\u00e8s de la Cour d\u2019Appel<\/p>\n<p><span class=\"c4\"><span class=\"c3\"><strong>Activit\u00e9 Scientifique<\/strong><\/span><\/span><\/p>\n<p>Plus de 350 publications dans des revues internationales avec comit\u00e9 de lecture<\/p>\n<p>Plus de 900 communications orales ou conf\u00e9rences dans des congr\u00e8s nationaux et internationaux<\/p>\n<p><span class=\"c5\"><span class=\"c2\"><strong>Publication de trois livres<\/strong><\/span><\/span><\/p>\n<p><span class=\"c2\"><strong>\u2022<\/strong><\/span> Pratiques valid\u00e9es en Chirurgie (Editions Masson)<\/p>\n<p><span class=\"c2\"><strong>\u2022<\/strong><\/span> Lexique de la Recherche Clinique et de la M\u00e9decine factuelle (Evidence Based Medicine) (Editions Elsevier)<\/p>\n<p><span class=\"c2\"><strong>\u2022<\/strong><\/span> La r\u00e9habilitation am\u00e9lior\u00e9e apr\u00e8s chirurgie. RAC : la comprendre et la mettre en \u0153uvre\u00a0 (Editions Elsevier)<\/p>\n<p>Membre de quatre Conf\u00e9rences de Consensus (Reflux Gastro-\u0153sophagien, Pancr\u00e9atite aigu\u00eb, Risques infectieux p\u00e9ri-op\u00e9ratoires, tabagisme p\u00e9ri-op\u00e9ratoire)<\/p>\n<p>Directeur de 14 th\u00e8ses de doctorat en m\u00e9decine<\/p>\n<p><span class=\"c2\"><strong>Jury de 2 th\u00e8ses de science (PhD) :<\/strong><\/span> Dr Laura Beyer-Berjot (Marseille) et Dr Aur\u00e9lien Venara (Angers)<\/p>\n<p><span class=\"c2\"><strong>R\u00e9dacteur en Chef<\/strong><\/span> des <span class=\"c2\"><strong>Annales de Chirurgie<\/strong><\/span> 2001-2006<\/p>\n<p><span class=\"c2\"><strong>R\u00e9dacteur en Chef<\/strong><\/span> pour les Articles Originaux au <span class=\"c2\"><strong>Journal de Chirurgie Visc\u00e9rale \/ Journal of Visceral Surgery<\/strong><\/span> depuis 2007<\/p>\n<p><span class=\"c2\"><strong>Membres de l\u2019Editorial Board<\/strong><\/span> de : Australian and New Zealand Journal of Surgery, Anticander Drugs<\/p>\n<p><span class=\"c2\"><strong>Expert<\/strong><\/span> aupr\u00e8s de la <span class=\"c2\"><strong>Haute Autorit\u00e9 de Sant\u00e9<\/strong><\/span>, la Commission Scientifique de l\u2019Assistance Publique H\u00f4pitaux de Paris, et du Minsit\u00e8re de la Sant\u00e9 Publique<\/p>\n<p><span class=\"c2\"><strong>\u2022 Vice-Pr\u00e9sident<\/strong><\/span> de la F\u00e9d\u00e9ration de Chirurgie Visc\u00e9rale et Digestive (FCVD organisme d\u2019accr\u00e9ditation et de d\u00e9veloppement professionnel continu) jusqu\u2019\u00e0 2014<\/p>\n<p><span class=\"c2\"><span class=\"c5\"><strong>Actuellement<\/strong><\/span><\/span><\/p>\n<p><span class=\"c2\"><strong>\u2022 Pr\u00e9sident du Groupe GRACE<\/strong><\/span> (Groupe Francophone de R\u00e9habilitation Am\u00e9lior\u00e9e apr\u00e8s Chirurgie) depuis 2014.<\/p>\n<p><span class=\"c2\"><strong>\u2022 Expert pr\u00e8s la Cour d\u2019Appel<\/strong><\/span><\/p>\n<p><span class=\"c2\"><strong>\u2022 Membres de plusieurs Soci\u00e9t\u00e9 Savantes internationales<\/strong><\/span> dont :<br \/>L\u2019American College of Surgeon (ACS), European Association for Endoscopic Surgery (EAES),<br \/>International Federation for the Surgery of Obesity (IFSO), European Association for Transluminal Surgery (EATS), Enhanced Recovery After Surgery Society (ERAS), Soci\u00e9t\u00e9 Fran\u00e7aise de Chirurgie Digestive (SFCD) [Membre du Conseil Scientifique et du Conseil d\u2019Administration (1998-2012)], F\u00e9d\u00e9ration de Recherche en Chirurgie (FRENCH), Soci\u00e9t\u00e9 Fran\u00e7aise et Francophone de Chirurgie de l&rsquo;Ob\u00e9sit\u00e9 (SOFFCO), Acad\u00e9mie Nationale de Chirurgie, F\u00e9d\u00e9ration de Chirurgie Visc\u00e9rale et Digestive (FCVD)<\/p>\n<p><span class=\"c2\"><strong>\u2022 Membre Honoraire<\/strong><\/span> de la Societatea Romana de Chirurgie de Urgenta si Traumatologie (SRCUT) et de l\u2019Association Tunisienne de Chirurgie (ATC)<br \/>\u00a0<\/p>\n<p>Auteur:<br \/>\n<a href=\"https:\/\/www.leaders.com.tn\/article\/30131-slim-karem\">Cliquez ici pour lire l&rsquo;article depuis sa source.<\/a><\/p>\n","protected":false},"excerpt":{"rendered":"<p>\u2022 Chirurgien des h\u00f4pitaux au CHU de Clermont-Ferrand \u2022 Sp\u00e9cialit\u00e9 Chirurgie visc\u00e9rale et digestive \u2022 Chef de Service de Chirurgie Ambulatoire au CHU Estaing, Clermont-Ferrand \u2022 Mari\u00e9 et p\u00e8re de deux enfants \u2022 N\u00e9 le 16 novembre 1956 \u2022 Nationalit\u00e9 : fran\u00e7aise &amp; tunisienne Parcours Professionnel 1988 : R\u00e9sident des H\u00f4pitaux de Paris \u00e0 l\u2019H\u00f4pital [&hellip;]<\/p>\n","protected":false},"author":1772,"featured_media":0,"comment_status":"closed","ping_status":"closed","sticky":false,"template":"","format":"standard","meta":{"fifu_image_url":"","fifu_image_alt":"","footnotes":""},"categories":[73,55],"tags":[],"class_list":["post-89308","post","type-post","status-publish","format-standard","hentry","category-actualite","category-tunisie"],"_links":{"self":[{"href":"https:\/\/linitiative.ca\/International\/wp-json\/wp\/v2\/posts\/89308","targetHints":{"allow":["GET"]}}],"collection":[{"href":"https:\/\/linitiative.ca\/International\/wp-json\/wp\/v2\/posts"}],"about":[{"href":"https:\/\/linitiative.ca\/International\/wp-json\/wp\/v2\/types\/post"}],"author":[{"embeddable":true,"href":"https:\/\/linitiative.ca\/International\/wp-json\/wp\/v2\/users\/1772"}],"replies":[{"embeddable":true,"href":"https:\/\/linitiative.ca\/International\/wp-json\/wp\/v2\/comments?post=89308"}],"version-history":[{"count":0,"href":"https:\/\/linitiative.ca\/International\/wp-json\/wp\/v2\/posts\/89308\/revisions"}],"wp:attachment":[{"href":"https:\/\/linitiative.ca\/International\/wp-json\/wp\/v2\/media?parent=89308"}],"wp:term":[{"taxonomy":"category","embeddable":true,"href":"https:\/\/linitiative.ca\/International\/wp-json\/wp\/v2\/categories?post=89308"},{"taxonomy":"post_tag","embeddable":true,"href":"https:\/\/linitiative.ca\/International\/wp-json\/wp\/v2\/tags?post=89308"}],"curies":[{"name":"wp","href":"https:\/\/api.w.org\/{rel}","templated":true}]}}