{"id":89312,"date":"2020-06-17T11:44:28","date_gmt":"2020-06-17T15:44:28","guid":{"rendered":"https:\/\/linitiative.ca\/International\/vrai-ou-fake-sur-la-covid-19-au-maroc-mercredi-17-juin\/"},"modified":"2020-06-17T11:44:28","modified_gmt":"2020-06-17T15:44:28","slug":"vrai-ou-fake-sur-la-covid-19-au-maroc-mercredi-17-juin","status":"publish","type":"post","link":"https:\/\/linitiative.ca\/International\/vrai-ou-fake-sur-la-covid-19-au-maroc-mercredi-17-juin\/","title":{"rendered":"Vrai ou Fake sur la covid-19 au Maroc, mercredi 17 juin"},"content":{"rendered":"<p><strong>Le Coronavirus, qui a contamin\u00e9 plus de 8,3 millions de personnes dans le monde, est \u00e0 l\u2019origine d\u2019un flot de Fake news relay\u00e9es par des sites d\u2019information et sur les r\u00e9seaux sociaux. La MAP fait le tri entre l\u2019intox et les bonnes informations pour une meilleure sensibilisation.<\/strong><\/p>\n<div class=\"c10\"\/>\n<p>\u2013 Acquisition, par le minist\u00e8re de la sant\u00e9, de tests de diagnostic rapide du coronavirus dont la date de validit\u00e9 a expir\u00e9. <strong>FAKE<\/strong><\/p>\n<p>\u2013 54 nouveaux cas d\u2019infection au nouveau coronavirus (Covid-19) ont \u00e9t\u00e9 confirm\u00e9s au Maroc, portant \u00e0 8.985 le nombre total des cas de contamination. <strong>VRAI<\/strong><\/p>\n<p>\u2013 Des publications largement partag\u00e9es sur les r\u00e9seaux sociaux montrent le personnel m\u00e9dical c\u00e9l\u00e9brant la fin de l\u2019\u00e9pid\u00e9mie de Covid-19 dans plusieurs pays arabes. <strong>FAKE<\/strong><\/p>\n<p>\u2013 La Banque mondiale a approuv\u00e9 un pr\u00eat de 48 millions de dollars en appui au Maroc dans sa gestion des effets de la pand\u00e9mie de COVID-19 au sortir des mesures strictes de confinement. <strong>VRAI<\/strong><\/p>\n<p>\u2013 L\u2019application \u00ab\u00a0Wiqaytna\u00a0\u00bb de notification d\u2019exposition au nouveau coronavirus (Covid-19) collecte les donn\u00e9es de contact. <strong>FAKE<\/strong><\/p>\n<p>\u2013 Un total de 313 personnes, dont des b\u00e9b\u00e9s et enfants, sont arriv\u00e9es \u00e0 l\u2019a\u00e9roport de T\u00e9touan Saniat R\u2019mel \u00e0 bord de trois avions en provenance d\u2019Istanbul. <strong>VRAI<\/strong><\/p>\n<p><strong>Lire aussi|<a href=\"https:\/\/www.challenge.ma\/coronavirus-les-citoyens-furieux-face-a-un-deconfinement-qui-divise-144734\/\">Coronavirus : les citoyens furieux face \u00e0 un d\u00e9confinement qui divise<\/a><\/strong><\/p>\n<p>\u2013 Le D\u00e9partement du chef du gouvernement a re\u00e7u 23 m\u00e9morandums riches en \u00e9valuations et propositions au titre du dialogue national sur la prochaine \u00e9tape (post Covid-19). <strong>VRAI<\/strong><\/p>\n<p>\u2013 D\u00e9marrage du versement de l\u2019indemnit\u00e9 forfaitaire de mai au profit des salari\u00e9s affect\u00e9s par la COVID-19. <strong>VRAI<\/strong><\/p>\n<p><strong>Lire aussi|<\/strong><a href=\"https:\/\/www.challenge.ma\/ou-en-est-le-programme-inmaa-a-lheure-du-post-covid19-144634\/\"><strong>O\u00f9 en est le Programme INMAA \u00e0 l\u2019heure du Post-Covid19 ?<\/strong><\/a><\/p>\n<p>\u2013 L\u2019Agence nationale de l\u2019assurance maladie (ANAM) a mis \u00e0 la disposition de ses usagers et partenaires institutionnels 14 services en ligne. <strong>VRAI<\/strong><\/p>\n<p>\u2013 L\u2019a\u00e9roport Ch\u00e9rif Al Idrissi d\u2019Al Hoceima pr\u00eat pour la reprise des vols. <strong>VRAI<\/strong><\/p>\n<div class=\"vw-sticky-sidebar-wrapper vw-sticky-sidebar widget_text awac-wrapper widget_text awac widget custom_html-4 textwidget custom-html-widget\">\n<p class=\"has-background c12\"><span class=\"widget-title c11\">Tribune et D\u00e9bats<\/span><\/p>\n<p>La tribune qui vous parle d\u2019une actu, d\u2019un sujet qui fait d\u00e9bat, les traitent et les analysent. \u00c9conomistes et autres experts, patrons d\u2019entreprises, d\u00e9cideurs, acteurs de la soci\u00e9t\u00e9 civile, s\u2019y prononcent et contribuent \u00e0 sa grande richesse. Vous avez votre opinion, convergente ou diff\u00e9rente. Exprimez-la et mesurez-vous ainsi \u00e0 nos tribuns et d\u00e9batteurs.<\/p>\n<p>Envoyez vos analyses \u00e0 : <a href=\"\/cdn-cgi\/l\/email-protection#15767a7b6174766155767d747979707b72703b7874\"><span class=\"__cf_email__\" data-cfemail=\"a7c4c8c9d3c6c4d3e7c4cfc6cbcbc2c9c0c289cac6\">[email\u00a0protected]<\/span><\/a>, en pr\u00e9cisant votre nom, votre pr\u00e9nom et votre m\u00e9tier.<\/p>\n<\/div>\n<p>Auteur: Hajar DARI<br \/>\n<a href=\"https:\/\/www.challenge.ma\/vrai-ou-fake-sur-la-covid-19-au-maroc-mercredi-17-juin-145146\/\">Cliquez ici pour lire l&rsquo;article depuis sa source.<\/a><\/p>\n","protected":false},"excerpt":{"rendered":"<p>Le Coronavirus, qui a contamin\u00e9 plus de 8,3 millions de personnes dans le monde, est \u00e0 l\u2019origine d\u2019un flot de Fake news relay\u00e9es par des sites d\u2019information et sur les r\u00e9seaux sociaux. La MAP fait le tri entre l\u2019intox et les bonnes informations pour une meilleure sensibilisation. \u2013 Acquisition, par le minist\u00e8re de la sant\u00e9, [&hellip;]<\/p>\n","protected":false},"author":1787,"featured_media":0,"comment_status":"closed","ping_status":"closed","sticky":false,"template":"","format":"standard","meta":{"fifu_image_url":"","fifu_image_alt":"","footnotes":""},"categories":[78,54],"tags":[],"class_list":["post-89312","post","type-post","status-publish","format-standard","hentry","category-economie","category-maroc"],"_links":{"self":[{"href":"https:\/\/linitiative.ca\/International\/wp-json\/wp\/v2\/posts\/89312","targetHints":{"allow":["GET"]}}],"collection":[{"href":"https:\/\/linitiative.ca\/International\/wp-json\/wp\/v2\/posts"}],"about":[{"href":"https:\/\/linitiative.ca\/International\/wp-json\/wp\/v2\/types\/post"}],"author":[{"embeddable":true,"href":"https:\/\/linitiative.ca\/International\/wp-json\/wp\/v2\/users\/1787"}],"replies":[{"embeddable":true,"href":"https:\/\/linitiative.ca\/International\/wp-json\/wp\/v2\/comments?post=89312"}],"version-history":[{"count":0,"href":"https:\/\/linitiative.ca\/International\/wp-json\/wp\/v2\/posts\/89312\/revisions"}],"wp:attachment":[{"href":"https:\/\/linitiative.ca\/International\/wp-json\/wp\/v2\/media?parent=89312"}],"wp:term":[{"taxonomy":"category","embeddable":true,"href":"https:\/\/linitiative.ca\/International\/wp-json\/wp\/v2\/categories?post=89312"},{"taxonomy":"post_tag","embeddable":true,"href":"https:\/\/linitiative.ca\/International\/wp-json\/wp\/v2\/tags?post=89312"}],"curies":[{"name":"wp","href":"https:\/\/api.w.org\/{rel}","templated":true}]}}