{"id":89314,"date":"2020-06-17T13:18:50","date_gmt":"2020-06-17T17:18:50","guid":{"rendered":"https:\/\/linitiative.ca\/International\/coronavirus-66-nouveaux-cas-mercredi-a-18-heures-7993-guerisons\/"},"modified":"2020-06-17T13:18:50","modified_gmt":"2020-06-17T17:18:50","slug":"coronavirus-66-nouveaux-cas-mercredi-a-18-heures-7993-guerisons","status":"publish","type":"post","link":"https:\/\/linitiative.ca\/International\/coronavirus-66-nouveaux-cas-mercredi-a-18-heures-7993-guerisons\/","title":{"rendered":"Coronavirus: 66 nouveaux cas mercredi \u00e0 18 heures, 7993 gu\u00e9risons"},"content":{"rendered":"<p><strong>Voici le bilan du minist\u00e8re de la Sant\u00e9, mercredi \u00e0 18 heures.\u00a0<\/strong><\/p>\n<div class=\"c10\"\/>\n<p>Le Maroc a enregistr\u00e9 ces derni\u00e8res 24 heures 66 nouveaux cas, mercredi \u00e0 18 heures. Ce qui porte le bilan total des <strong>cas positifs<\/strong> \u00e0 8897. En ce qui concerne le nombre de gu\u00e9rison, on d\u00e9nombre d\u00e9sormais 7993 personnes gu\u00e9ries (+ 56 ces derni\u00e8res 24 heures) contre 213 d\u00e9c\u00e8s (+1 ces derni\u00e8res 24 heures).<\/p>\n<p><strong>Lire aussi|<\/strong><a href=\"https:\/\/www.challenge.ma\/coronavirus-medi1tv-sallie-a-facebook-145121\/\"><strong>Coronavirus : Medi1TV s\u2019allie \u00e0 Facebook<\/strong><\/a><\/p>\n<p>Soulignons que le minist\u00e8re de la Sant\u00e9 invite les citoyens \u00e0 respecter les r\u00e8gles d\u2019hygi\u00e8ne et de <strong>s\u00e9curit\u00e9 sanitaire<\/strong> ainsi que les mesures pr\u00e9ventives prises par les autorit\u00e9s.\u00a0<\/p>\n<div class=\"vw-sticky-sidebar-wrapper vw-sticky-sidebar widget_text awac-wrapper widget_text awac widget custom_html-4 textwidget custom-html-widget\">\n<p class=\"has-background c12\"><span class=\"widget-title c11\">Tribune et D\u00e9bats<\/span><\/p>\n<p>La tribune qui vous parle d\u2019une actu, d\u2019un sujet qui fait d\u00e9bat, les traitent et les analysent. \u00c9conomistes et autres experts, patrons d\u2019entreprises, d\u00e9cideurs, acteurs de la soci\u00e9t\u00e9 civile, s\u2019y prononcent et contribuent \u00e0 sa grande richesse. Vous avez votre opinion, convergente ou diff\u00e9rente. Exprimez-la et mesurez-vous ainsi \u00e0 nos tribuns et d\u00e9batteurs.<\/p>\n<p>Envoyez vos analyses \u00e0 : <a href=\"\/cdn-cgi\/l\/email-protection#e685898892878592a6858e878a8a83888183c88b87\"><span class=\"__cf_email__\" data-cfemail=\"066569687267657246656e676a6a63686163286b67\">[email\u00a0protected]<\/span><\/a>, en pr\u00e9cisant votre nom, votre pr\u00e9nom et votre m\u00e9tier.<\/p>\n<\/div>\n<p>Auteur: challenge<br \/>\n<a href=\"https:\/\/www.challenge.ma\/coronavirus-66-nouveaux-cas-mercredi-a-18-heures-7993-guerisons-145169\/\">Cliquez ici pour lire l&rsquo;article depuis sa source.<\/a><\/p>\n","protected":false},"excerpt":{"rendered":"<p>Voici le bilan du minist\u00e8re de la Sant\u00e9, mercredi \u00e0 18 heures.\u00a0 Le Maroc a enregistr\u00e9 ces derni\u00e8res 24 heures 66 nouveaux cas, mercredi \u00e0 18 heures. Ce qui porte le bilan total des cas positifs \u00e0 8897. En ce qui concerne le nombre de gu\u00e9rison, on d\u00e9nombre d\u00e9sormais 7993 personnes gu\u00e9ries (+ 56 ces [&hellip;]<\/p>\n","protected":false},"author":1787,"featured_media":0,"comment_status":"closed","ping_status":"closed","sticky":false,"template":"","format":"standard","meta":{"fifu_image_url":"","fifu_image_alt":"","footnotes":""},"categories":[78,54],"tags":[],"class_list":["post-89314","post","type-post","status-publish","format-standard","hentry","category-economie","category-maroc"],"_links":{"self":[{"href":"https:\/\/linitiative.ca\/International\/wp-json\/wp\/v2\/posts\/89314","targetHints":{"allow":["GET"]}}],"collection":[{"href":"https:\/\/linitiative.ca\/International\/wp-json\/wp\/v2\/posts"}],"about":[{"href":"https:\/\/linitiative.ca\/International\/wp-json\/wp\/v2\/types\/post"}],"author":[{"embeddable":true,"href":"https:\/\/linitiative.ca\/International\/wp-json\/wp\/v2\/users\/1787"}],"replies":[{"embeddable":true,"href":"https:\/\/linitiative.ca\/International\/wp-json\/wp\/v2\/comments?post=89314"}],"version-history":[{"count":0,"href":"https:\/\/linitiative.ca\/International\/wp-json\/wp\/v2\/posts\/89314\/revisions"}],"wp:attachment":[{"href":"https:\/\/linitiative.ca\/International\/wp-json\/wp\/v2\/media?parent=89314"}],"wp:term":[{"taxonomy":"category","embeddable":true,"href":"https:\/\/linitiative.ca\/International\/wp-json\/wp\/v2\/categories?post=89314"},{"taxonomy":"post_tag","embeddable":true,"href":"https:\/\/linitiative.ca\/International\/wp-json\/wp\/v2\/tags?post=89314"}],"curies":[{"name":"wp","href":"https:\/\/api.w.org\/{rel}","templated":true}]}}