{"id":89316,"date":"2020-06-17T16:19:41","date_gmt":"2020-06-17T20:19:41","guid":{"rendered":"https:\/\/linitiative.ca\/International\/voici-comment-le-maroc-peut-accelerer-la-montee-en-gamme-de-ses-industries\/"},"modified":"2020-06-17T16:19:41","modified_gmt":"2020-06-17T20:19:41","slug":"voici-comment-le-maroc-peut-accelerer-la-montee-en-gamme-de-ses-industries","status":"publish","type":"post","link":"https:\/\/linitiative.ca\/International\/voici-comment-le-maroc-peut-accelerer-la-montee-en-gamme-de-ses-industries\/","title":{"rendered":"Voici comment le Maroc peut acc\u00e9l\u00e9rer la mont\u00e9e en gamme de ses industries"},"content":{"rendered":"<div><img loading=\"lazy\" decoding=\"async\" width=\"900\" height=\"614\" src=\"https:\/\/www.challenge.ma\/wp-content\/uploads\/2020\/06\/Ae\u0301ronautique-.jpg\" class=\"attachment-post-thumbnail size-post-thumbnail wp-post-image\" alt=\"\" srcset=\"https:\/\/www.challenge.ma\/wp-content\/uploads\/2020\/06\/Ae&#769;ronautique-.jpg 900w, https:\/\/www.challenge.ma\/wp-content\/uploads\/2020\/06\/Ae&#769;ronautique--300x205.jpg 300w, https:\/\/www.challenge.ma\/wp-content\/uploads\/2020\/06\/Ae&#769;ronautique--768x524.jpg 768w, https:\/\/www.challenge.ma\/wp-content\/uploads\/2020\/06\/Ae&#769;ronautique--360x246.jpg 360w, https:\/\/www.challenge.ma\/wp-content\/uploads\/2020\/06\/Ae&#769;ronautique--750x512.jpg 750w\" sizes=\"auto, (max-width: 900px) 100vw, 900px\" itemprop=\"image\">La baisse des activit&eacute;s des grandes entreprises en Europe a lanc&eacute; le d&eacute;bat de la relocalisation. Certains pays ont d&eacute;clar&eacute; leur volont&eacute; de rapatrier une grande partie de leurs activit&eacute;s vers leur pays d&rsquo;origine, notamment dans des secteurs strat&eacute;giques pour le Maroc comme l&rsquo;automobile ou encore l&rsquo;a&eacute;ronautique. Quelles cons&eacute;quences pour<\/div>\n<p>Auteur: challenge<br \/>\n<a href=\"https:\/\/www.challenge.ma\/voici-comment-le-maroc-peut-accelerer-la-montee-en-gamme-de-ses-industries-144462\/\">Cliquez ici pour lire l&rsquo;article depuis sa source.<\/a><\/p>\n","protected":false},"excerpt":{"rendered":"<p>La baisse des activit&eacute;s des grandes entreprises en Europe a lanc&eacute; le d&eacute;bat de la relocalisation. Certains pays ont d&eacute;clar&eacute; leur volont&eacute; de rapatrier une grande partie de leurs activit&eacute;s vers leur pays d&rsquo;origine, notamment dans des secteurs strat&eacute;giques pour le Maroc comme l&rsquo;automobile ou encore l&rsquo;a&eacute;ronautique. Quelles cons&eacute;quences pour Auteur: challenge Cliquez ici pour [&hellip;]<\/p>\n","protected":false},"author":1787,"featured_media":89317,"comment_status":"closed","ping_status":"closed","sticky":false,"template":"","format":"standard","meta":{"fifu_image_url":"","fifu_image_alt":"","footnotes":""},"categories":[78,54],"tags":[],"class_list":["post-89316","post","type-post","status-publish","format-standard","has-post-thumbnail","hentry","category-economie","category-maroc"],"_links":{"self":[{"href":"https:\/\/linitiative.ca\/International\/wp-json\/wp\/v2\/posts\/89316","targetHints":{"allow":["GET"]}}],"collection":[{"href":"https:\/\/linitiative.ca\/International\/wp-json\/wp\/v2\/posts"}],"about":[{"href":"https:\/\/linitiative.ca\/International\/wp-json\/wp\/v2\/types\/post"}],"author":[{"embeddable":true,"href":"https:\/\/linitiative.ca\/International\/wp-json\/wp\/v2\/users\/1787"}],"replies":[{"embeddable":true,"href":"https:\/\/linitiative.ca\/International\/wp-json\/wp\/v2\/comments?post=89316"}],"version-history":[{"count":0,"href":"https:\/\/linitiative.ca\/International\/wp-json\/wp\/v2\/posts\/89316\/revisions"}],"wp:featuredmedia":[{"embeddable":true,"href":"https:\/\/linitiative.ca\/International\/wp-json\/"}],"wp:attachment":[{"href":"https:\/\/linitiative.ca\/International\/wp-json\/wp\/v2\/media?parent=89316"}],"wp:term":[{"taxonomy":"category","embeddable":true,"href":"https:\/\/linitiative.ca\/International\/wp-json\/wp\/v2\/categories?post=89316"},{"taxonomy":"post_tag","embeddable":true,"href":"https:\/\/linitiative.ca\/International\/wp-json\/wp\/v2\/tags?post=89316"}],"curies":[{"name":"wp","href":"https:\/\/api.w.org\/{rel}","templated":true}]}}