{"id":89318,"date":"2020-06-17T16:00:30","date_gmt":"2020-06-17T20:00:30","guid":{"rendered":"https:\/\/linitiative.ca\/International\/lorganisation-ouest-africaine-au-chevet-du-mali\/"},"modified":"2020-06-17T16:00:30","modified_gmt":"2020-06-17T20:00:30","slug":"lorganisation-ouest-africaine-au-chevet-du-mali","status":"publish","type":"post","link":"https:\/\/linitiative.ca\/International\/lorganisation-ouest-africaine-au-chevet-du-mali\/","title":{"rendered":"L\u2019ORGANISATION OUEST-AFRICAINE AU CHEVET DU MALI"},"content":{"rendered":"<div class=\"stream-item stream-item-above-post-content\">\n<p><noscript><\/p>\n<p><a href=\"\/\/www3.smartadserver.com\/ac?jump=1&amp;nwid=2136&amp;siteid=240610&amp;pgname=rg&amp;fmtid=49046&amp;visit=m&amp;tmstp=[timestamp]&amp;out=nonrich\" target=\"_blank\" rel=\"noopener noreferrer\"><img decoding=\"async\" src=\"http:\/\/www3.smartadserver.com\/ac?out=nonrich&amp;nwid=2136&amp;siteid=240610&amp;pgname=rg&amp;fmtid=49046&amp;visit=m&amp;tmstp=[timestamp]\" border=\"0\" alt=\"\"\/><\/a><\/p>\n<p><\/noscript><\/div>\n<p class=\"c3\"><em>C\u2019est, en principe, aujourd\u2019hui qu\u2019arrive sur les rives du Djoliba dont les eaux tumultueuses menacent de d\u00e9border, une d\u00e9l\u00e9gation de la Communaut\u00e9 \u00e9conomique des Etats de l\u2019Afrique de l\u2019Ouest (CEDEAO) compos\u00e9e des ministres des Affaires \u00e9trang\u00e8res du Nigeria et du Niger et du pr\u00e9sident de la Commission de l\u2019organisation r\u00e9gionale. L\u2019objectif de la mission est de r\u00e9unir sous l\u2019arbre \u00e0 palabre, les fr\u00e8res ennemis maliens qui, depuis la d\u00e9monstration de force r\u00e9ussie par la tro\u00efka (partis politiques-associations de la soci\u00e9t\u00e9 civile-comit\u00e9 de soutien \u00e0 l\u2019iman Mahmoud Dicko), le 5 juin dernier, se regardent en chiens de fa\u00efence.\u00a0<\/em> <em>En attendant de voir les r\u00e9sultats de cette offre de bons offices de la Communaut\u00e9 ouest-africaine, l\u2019on peut d\u00e9j\u00e0 se f\u00e9liciter de cette initiative. Car, au-del\u00e0 de l\u2019acte de solidarit\u00e9 qu\u2019elle traduit au peuple du Mali, l\u2019organisation r\u00e9gionale est bien dans le r\u00f4le qu\u2019elle s\u2019est assign\u00e9 de \u00ab promouvoir la coop\u00e9ration et l\u2019int\u00e9gration dans la perspective d\u2019une Union \u00e9conomique de l\u2019Afrique de l\u2019Ouest en vue d\u2019\u00e9lever le niveau de vie de ses peuples, de maintenir et d\u2019accro\u00eetre la stabilit\u00e9 \u00e9conomique, de renforcer les relations entre les Etats membres et de contribuer au progr\u00e8s et au d\u00e9veloppement du continent africain \u00bb.<\/em><\/p>\n<p class=\"c3\"><strong><em>Il est urgent que le moindre petit foyer d\u2019incendie soit \u00e9teint pour \u00e9viter tout risque de propagation<\/em><\/strong><\/p>\n<p class=\"c3\"><em>Cette ambition, comme on le voit, demeurera une chim\u00e8re tant que la stabilit\u00e9 sociale et politique des 15 Etats membres de l\u2019organisation, n\u2019est pas assur\u00e9e. En outre, il va des int\u00e9r\u00eats s\u00e9curitaires de l\u2019espace r\u00e9gional, que la CEDEAO vole au secours du Mali. Car, une crise des institutions publiques maliennes aura n\u00e9cessairement de graves r\u00e9percussions sur la s\u00e9curit\u00e9 de la r\u00e9gion\u00a0; tant il est \u00e9tabli que les probl\u00e8mes s\u00e9curitaires que rencontrent les pays limitrophes, en l\u2019occurrence le Burkina Faso et le Niger, sont li\u00e9s \u00e0 la situation politique au pays d\u2019Ibrahim Boubacar Ke\u00efta (IBK). La situation est d\u2019autant plus \u00e0 prendre au s\u00e9rieux que l\u2019ann\u00e9e 2020 est une ann\u00e9e charni\u00e8re pour beaucoup de pays de l\u2019espace communautaire, qui organisent des \u00e9lections \u00e0 risques en raison du p\u00e9ril s\u00e9curitaire. Il est donc urgent que le moindre petit foyer d\u2019incendie soit \u00e9teint pour \u00e9viter tout risque de propagation.\u00a0<\/em> <em>Cela dit, la question que l\u2019on peut se poser est la suivante : les missi dominici de la CEDEAO parviendront-ils \u00e0 faire fumer le calumet de la paix \u00e0 IBK et Mahmoud Dicko et ainsi enterrer la hache de guerre ? Rien n\u2019est moins s\u00fbr quand on sait que les positions sont tr\u00e8s tranch\u00e9es et paraissent difficilement conciliables. En effet, la principale revendication du Mouvement du 5 Juin-Rassemblement des patriotes du Mali, est la d\u00e9mission du chef de l\u2019Etat IBK. Toute chose qui, pour le pouvoir et ses partisans, n\u2019est ni plus ni moins qu\u2019un coup d\u2019Etat contre un pr\u00e9sident d\u00e9mocratiquement \u00e9lu. L\u2019on imagine difficilement comment la CEDEAO pourrait se mettre en marge de la l\u00e9galit\u00e9 constitutionnelle du Mali pour demander le d\u00e9part du pr\u00e9sident. Mais en m\u00eame temps, l\u2019on se demande comment elle peut d\u00e9fendre cette l\u00e9galit\u00e9 sans donner l\u2019impression d\u2019un parti pris pour IBK et ainsi conforter cette image d\u2019\u00eatre le syndicat des chefs d\u2019Etat contre leurs peuples respectifs.<\/em><\/p>\n<p class=\"c3\"><strong><em>Des d\u00e9cisions fortes auront l\u2019avantage de faire baisser le mercure social<\/em><\/strong><\/p>\n<p class=\"c3\"><em>En tout cas, les \u00e9missaires de la CEDEAO marchent sur des \u0153ufs et doivent faire preuve de tact s\u2019ils ne veulent pas \u00eatre tax\u00e9s d\u2019\u00eatre de connivence avec l\u2019un ou l\u2019autre camp. Leur marge de man\u0153uvre semble bien \u00e9troite mais toute solution viable reste le maintien de IBK au pouvoir, qui semble la seule garantie du respect de l\u2019ordre constitutionnel.<\/em> <em>Toutefois, l\u2019on peut croire que la pression est plus du c\u00f4t\u00e9 du pr\u00e9sident IBK qui, non seulement a tout \u00e0 perdre dans cette crise, mais aussi dispose de leviers pour prendre des actions allant dans le sens de la satisfaction des revendications populaires. Mais tout laisse croire qu\u2019il n\u2019a pas encore compris totalement tous les enjeux. En effet, les solutions qu\u2019il propose, et c\u2019est de bonne guerre, rel\u00e8vent encore trop de la ruse politique destin\u00e9e \u00e0 diviser le mouvement de contestation en appelant \u00e0 \u00ab la mangeoire \u00bb, une partie des manifestants dans le cadre d\u2019un gouvernement d\u2019union nationale ou \u00e0 en effriter la base sociale en satisfaisant aux revendications sociales du monde enseignant et du personnel soignant. Aucune proposition concr\u00e8te n\u2019est faite pour r\u00e9soudre les probl\u00e8mes de gouvernance que d\u00e9nonce la rue, en l\u2019occurrence la corruption end\u00e9mique, les d\u00e9tournements de deniers publics et l\u2019insuffisance de r\u00e9sultats sur le front de la lutte contre l\u2019ins\u00e9curit\u00e9. M\u00eame \u00e0 supposer que ces griefs soient des arguments pour justifier les vell\u00e9it\u00e9s \u00ab putschistes \u00bb de certains acteurs de la contestation, le chef de l\u2019Etat devrait \u00eatre en mesure de les leur \u00f4ter en prenant des d\u00e9cisions fortes pour punir les auteurs de malversations financi\u00e8res dont certaines ont fait l\u2019objet d\u2019enqu\u00eates parlementaires. Mieux, ces d\u00e9cisions fortes auront l\u2019avantage de faire baisser le mercure social, en attendant la mise en \u0153uvre de solutions plus structurelles pour am\u00e9liorer la gouvernance globale et relancer le pays sur la bonne voie.<\/em><\/p>\n<p class=\"c3\"><strong><em>\u00ab\u00a0Le Pays\u00a0\u00bb<\/em><\/strong><\/p>\n<p>Auteur: Le Pays<br \/>\n<a href=\"http:\/\/lepays.bf\/lorganisation-ouest-africaine-au-chevet-du-mali\/\">Cliquez ici pour lire l&rsquo;article depuis sa source.<\/a><\/p>\n","protected":false},"excerpt":{"rendered":"<p>C\u2019est, en principe, aujourd\u2019hui qu\u2019arrive sur les rives du Djoliba dont les eaux tumultueuses menacent de d\u00e9border, une d\u00e9l\u00e9gation de la Communaut\u00e9 \u00e9conomique des Etats de l\u2019Afrique de l\u2019Ouest (CEDEAO) compos\u00e9e des ministres des Affaires \u00e9trang\u00e8res du Nigeria et du Niger et du pr\u00e9sident de la Commission de l\u2019organisation r\u00e9gionale. L\u2019objectif de la mission est [&hellip;]<\/p>\n","protected":false},"author":1813,"featured_media":0,"comment_status":"closed","ping_status":"closed","sticky":false,"template":"","format":"standard","meta":{"fifu_image_url":"","fifu_image_alt":"","footnotes":""},"categories":[73,81],"tags":[],"class_list":["post-89318","post","type-post","status-publish","format-standard","hentry","category-actualite","category-burkina-faso"],"_links":{"self":[{"href":"https:\/\/linitiative.ca\/International\/wp-json\/wp\/v2\/posts\/89318","targetHints":{"allow":["GET"]}}],"collection":[{"href":"https:\/\/linitiative.ca\/International\/wp-json\/wp\/v2\/posts"}],"about":[{"href":"https:\/\/linitiative.ca\/International\/wp-json\/wp\/v2\/types\/post"}],"author":[{"embeddable":true,"href":"https:\/\/linitiative.ca\/International\/wp-json\/wp\/v2\/users\/1813"}],"replies":[{"embeddable":true,"href":"https:\/\/linitiative.ca\/International\/wp-json\/wp\/v2\/comments?post=89318"}],"version-history":[{"count":0,"href":"https:\/\/linitiative.ca\/International\/wp-json\/wp\/v2\/posts\/89318\/revisions"}],"wp:attachment":[{"href":"https:\/\/linitiative.ca\/International\/wp-json\/wp\/v2\/media?parent=89318"}],"wp:term":[{"taxonomy":"category","embeddable":true,"href":"https:\/\/linitiative.ca\/International\/wp-json\/wp\/v2\/categories?post=89318"},{"taxonomy":"post_tag","embeddable":true,"href":"https:\/\/linitiative.ca\/International\/wp-json\/wp\/v2\/tags?post=89318"}],"curies":[{"name":"wp","href":"https:\/\/api.w.org\/{rel}","templated":true}]}}