{"id":89319,"date":"2020-06-17T16:03:40","date_gmt":"2020-06-17T20:03:40","guid":{"rendered":"https:\/\/linitiative.ca\/International\/investure-de-evariste-ndayishimiye\/"},"modified":"2020-06-17T16:03:40","modified_gmt":"2020-06-17T20:03:40","slug":"investure-de-evariste-ndayishimiye","status":"publish","type":"post","link":"https:\/\/linitiative.ca\/International\/investure-de-evariste-ndayishimiye\/","title":{"rendered":"INVESTURE DE EVARISTE NDAYISHIMIYE"},"content":{"rendered":"<div class=\"stream-item stream-item-above-post-content\">\n<p><noscript><\/p>\n<p><a href=\"\/\/www3.smartadserver.com\/ac?jump=1&amp;nwid=2136&amp;siteid=240610&amp;pgname=rg&amp;fmtid=49046&amp;visit=m&amp;tmstp=[timestamp]&amp;out=nonrich\" target=\"_blank\" rel=\"noopener noreferrer\"><img decoding=\"async\" src=\"http:\/\/www3.smartadserver.com\/ac?out=nonrich&amp;nwid=2136&amp;siteid=240610&amp;pgname=rg&amp;fmtid=49046&amp;visit=m&amp;tmstp=[timestamp]\" border=\"0\" alt=\"\"\/><\/a><\/p>\n<p><\/noscript><\/div>\n<p class=\"c3\"><em>Apr\u00e8s sa saisine par le Conseil des ministres par rapport \u00e0 la succession lourde de risques, du d\u00e9funt pr\u00e9sident Pierre Nkurunziza, la Cour constitutionnelle du Burundi a clos le d\u00e9bat d\u00e8s le lendemain, en ordonnant au tout nouveau pr\u00e9sident \u00e9lu, le G\u00e9n\u00e9ral Evariste Ndayishimiye, de pr\u00eater serment \u00ab\u00a0d\u00e8s que possible\u00a0\u00bb. Cette investiture est pr\u00e9vue pour le 18 juin 2020. C\u2019est donc la fin du suspense et des supputations sur l\u2019identit\u00e9 du successeur du pasteur-pr\u00e9sident, d\u2019autant que la Cour constitutionnelle qui a tranch\u00e9 le d\u00e9bat, est la seule habilit\u00e9e \u00e0 constater la vacance du pouvoir, \u00e0 interpr\u00e9ter les dispositions constitutionnelles en mati\u00e8re de succession dans le cas d\u2019esp\u00e8ce et \u00e0 investir le nouveau pr\u00e9sident. M\u00eame si juridiquement, cette d\u00e9cision de la Cour est sujette \u00e0 caution au regard de l\u2019article 121 de la loi fondamentale burundaise qui stipule qu\u2019en cas de d\u00e9c\u00e8s du pr\u00e9sident en exercice, l\u2019int\u00e9rim est assur\u00e9 par le chef du parlement jusqu\u2019\u00e0 l\u2019\u00e9lection d\u2019un nouveau pr\u00e9sident dans les 3 mois qui suivent, elle peut se justifier politiquement quand on sait qu\u2019elle \u00e9mane d\u2019une institution inf\u00e9od\u00e9e au parti au pouvoir qui a remport\u00e9 la derni\u00e8re \u00e9lection pr\u00e9sidentielle. Si on ajoute au caract\u00e8re partisan de la Cour, les incertitudes li\u00e9es \u00e0 une transition politique au Burundi, on ne peut gu\u00e8re \u00eatre surpris par l\u2019arr\u00eat rendu vendredi dernier par les \u2018\u2019Sh\u00e9rifs\u2019\u2019 de la vie politique et institutionnelle dans ce pays, qui donne quitus au dauphin du d\u00e9funt Nkurunziza pour prendre le b\u00e2ton de commandement dans les jours \u00e0 venir. Pour les puristes en droit qui consid\u00e8rent que le G\u00e9n\u00e9ral Ndahishimiye n\u2019est pas pour le moment le pr\u00e9sident du Burundi d\u2019autant qu\u2019il n\u2019a pas encore pr\u00eat\u00e9 serment, ce serait une violation flagrante de la Constitution si le candidat \u00e9lu venait \u00e0 danser au rythme de la musique d\u00e9bit\u00e9e en fin de semaine derni\u00e8re par l\u2019institution que beaucoup de Burundais consid\u00e8rent, \u00e0 tort ou \u00e0 raison, comme la cinqui\u00e8me roue du carrosse ou tout simplement comme une caisse de r\u00e9sonnance du parti au pouvoir.<\/em><\/p>\n<p class=\"c3\"><strong><em>Il ne serait pas \u00e9tonnant que Ndayishimiye s\u2019affuble lui-m\u00eame du titre de 14e ap\u00f4tre du Christ<\/em><\/strong><\/p>\n<p class=\"c3\"><em>Quoi qu\u2019il en soit, c\u2019est un bien mauvais pr\u00e9sage pour le Burundi post-Nkurunziza, car, on pensait qu\u2019avec la disparition du satrape, une nouvelle \u00e8re s\u2019ouvrirait pour toutes les victimes du r\u00e9gime r\u00e9pressif de ce dernier avec la reddition des comptes et une justice \u00e9quitable pour tous. Sans faire de proc\u00e8s d\u2019intention \u00e0 celui qui va bient\u00f4t d\u00e9poser ses valises au palais pr\u00e9sidentiel Ntare Rushatsi, on est presque certain qu\u2019il va marcher sur les traces de son pr\u00e9d\u00e9cesseur, au grand malheur de ses compatriotes d\u00e9j\u00e0 pers\u00e9cut\u00e9s et au fond de l\u2019ab\u00eeme, \u00e9conomiquement parlant. Le ton a \u00e9t\u00e9 donn\u00e9 samedi dernier lors de sa premi\u00e8re apparition publique, depuis la mort de son ma\u00eetre \u00e0 penser, quand, dans son discours m\u00e2tin\u00e9 de m\u00e9taphores et d\u2019all\u00e9gories en hommage au disparu, il a compar\u00e9 ce dernier \u00e0 J\u00e9sus-Christ qui est pour les chr\u00e9tiens, le messie et le sauveur qui mourut pour d\u00e9livrer les humains de leurs p\u00e9ch\u00e9s. Et comme dans la classe politique burundaise, l\u2019imposture est une vertu, il ne serait pas \u00e9tonnant que dans ses d\u00e9lires m\u00e9galomaniaques, ce soldat en passe de devenir pr\u00e9sident de la R\u00e9publique, s\u2019affuble lui-m\u00eame du titre de 14e ap\u00f4tre du Christ, le 13e autoproclam\u00e9 \u00e9tant, comme chacun le sait, le porte-\u00e9tendard de la bouffonnerie tropicale, Jean-Bedel Bokassa de la Centrafrique pour ne pas le nommer. Esp\u00e9rons simplement que le G\u00e9n\u00e9ral-pr\u00e9sident ne fera pas pire que le mal qu\u2019incarnait Pierre Nkurunziza, et qu\u2019il ne pr\u00eatera pas une oreille attentive \u00ab\u00a0aux propos et aux rumeurs suscit\u00e9s par Satan\u00a0\u00bb, comme il l\u2019a lui-m\u00eame recommand\u00e9 \u00e0 ses compatriotes. On attendra qu\u2019il prenne v\u00e9ritablement les r\u00eanes du pays pour le juger sur pi\u00e8ces, car si quasiment tout le monde pense que ce qui est en train de se passer au Burundi est un changement dans la continuit\u00e9, il n\u2019est pas totalement exclu que le futur pr\u00e9sident, Evariste Ndahishimiye, se r\u00e9v\u00e8le d\u2019une trempe comparable \u00e0 celle de Joao Louren\u00e7o d\u2019Angola, notamment du point de vue de l\u2019approche tr\u00e8s ouverte de ce dernier et de sa fermet\u00e9 dans la lutte contre l\u2019impunit\u00e9 sous toutes ses formes et pour la fin des privil\u00e8ges de ceux qui pensent \u00eatre du bon c\u00f4t\u00e9 du manche.<\/em><\/p>\n<p class=\"c3\"><strong><em>Hamadou GADIAGA<\/em><\/strong><\/p>\n<p>Auteur: Le Pays<br \/>\n<a href=\"http:\/\/lepays.bf\/investure-de-evariste-ndayishimiye\/\">Cliquez ici pour lire l&rsquo;article depuis sa source.<\/a><\/p>\n","protected":false},"excerpt":{"rendered":"<p>Apr\u00e8s sa saisine par le Conseil des ministres par rapport \u00e0 la succession lourde de risques, du d\u00e9funt pr\u00e9sident Pierre Nkurunziza, la Cour constitutionnelle du Burundi a clos le d\u00e9bat d\u00e8s le lendemain, en ordonnant au tout nouveau pr\u00e9sident \u00e9lu, le G\u00e9n\u00e9ral Evariste Ndayishimiye, de pr\u00eater serment \u00ab\u00a0d\u00e8s que possible\u00a0\u00bb. Cette investiture est pr\u00e9vue pour [&hellip;]<\/p>\n","protected":false},"author":1813,"featured_media":0,"comment_status":"closed","ping_status":"closed","sticky":false,"template":"","format":"standard","meta":{"fifu_image_url":"","fifu_image_alt":"","footnotes":""},"categories":[73,81],"tags":[],"class_list":["post-89319","post","type-post","status-publish","format-standard","hentry","category-actualite","category-burkina-faso"],"_links":{"self":[{"href":"https:\/\/linitiative.ca\/International\/wp-json\/wp\/v2\/posts\/89319","targetHints":{"allow":["GET"]}}],"collection":[{"href":"https:\/\/linitiative.ca\/International\/wp-json\/wp\/v2\/posts"}],"about":[{"href":"https:\/\/linitiative.ca\/International\/wp-json\/wp\/v2\/types\/post"}],"author":[{"embeddable":true,"href":"https:\/\/linitiative.ca\/International\/wp-json\/wp\/v2\/users\/1813"}],"replies":[{"embeddable":true,"href":"https:\/\/linitiative.ca\/International\/wp-json\/wp\/v2\/comments?post=89319"}],"version-history":[{"count":0,"href":"https:\/\/linitiative.ca\/International\/wp-json\/wp\/v2\/posts\/89319\/revisions"}],"wp:attachment":[{"href":"https:\/\/linitiative.ca\/International\/wp-json\/wp\/v2\/media?parent=89319"}],"wp:term":[{"taxonomy":"category","embeddable":true,"href":"https:\/\/linitiative.ca\/International\/wp-json\/wp\/v2\/categories?post=89319"},{"taxonomy":"post_tag","embeddable":true,"href":"https:\/\/linitiative.ca\/International\/wp-json\/wp\/v2\/tags?post=89319"}],"curies":[{"name":"wp","href":"https:\/\/api.w.org\/{rel}","templated":true}]}}