{"id":89329,"date":"2020-06-17T12:18:08","date_gmt":"2020-06-17T16:18:08","guid":{"rendered":"https:\/\/linitiative.ca\/International\/malawi-marche-des-avocats-pour-lindependance-judiciaire\/"},"modified":"2020-06-17T12:18:08","modified_gmt":"2020-06-17T16:18:08","slug":"malawi-marche-des-avocats-pour-lindependance-judiciaire","status":"publish","type":"post","link":"https:\/\/linitiative.ca\/International\/malawi-marche-des-avocats-pour-lindependance-judiciaire\/","title":{"rendered":"Malawi : Marche des avocats pour l\u2019ind\u00e9pendance judiciaire"},"content":{"rendered":"<div readability=\"32\">\n<p>Publi\u00e9 le 17.06.2020 \u00e0 17h18 par APA News<\/p>\n<\/div>\n<div readability=\"66\">\n<p>Des dizaines d\u2019avocats ont d\u00e9fil\u00e9 mercredi dans plusieurs villes du pays pour protester contre la d\u00e9cision du gouvernement la semaine derni\u00e8re d\u2019envoyer le juge en chef Andrew Nyirenda en cong\u00e9 forc\u00e9, en attendant sa retraite et la pr\u00e9tendue tentative de limiter l\u2019ind\u00e9pendance du pouvoir judiciaire.Les avocats se sont r\u00e9unis \u00e0 Lilongwe la capitale, \u00e0 Blantyre et Mzuzu, pour exprimer leur inqui\u00e9tude face \u00e0 la pr\u00e9tendue tentative du pr\u00e9sident Peter Mutharika de porter atteinte \u00e0 l\u2019ind\u00e9pendance du pouvoir judiciaire.<\/p>\n<p>Les organisateurs ont d\u00e9clar\u00e9 que les manifestations avaient \u00e9t\u00e9 organis\u00e9es pour la d\u00e9fense du pouvoir judiciaire et le respect de l\u2019Etat de droit avant la reprise de l\u2019\u00e9lection pr\u00e9sidentielle qui aura lieu le 23 juin prochain.<\/p>\n<p>Les manifestations surviennent \u00e0 la suite de la d\u00e9cision prise y a deux semaines par le gouvernement d\u2019envoyer Nyirenda et le juge de la Cour supr\u00eame Edward Twea en cong\u00e9 en attendant leur d\u00e9part \u00e0 la retraite.<\/p>\n<p>La fraternit\u00e9 juridique et les critiques du gouvernement ont cependant condamn\u00e9 cette d\u00e9cision, arguant qu\u2019il s\u2019agissait d\u2019une tentative de Mutharika de r\u00e9primander le pouvoir judiciaire pour ne pas l\u2019avoir prot\u00e9g\u00e9 lors d\u2019une bataille judiciaire au cours de laquelle l\u2019opposition a contest\u00e9 le r\u00e9sultat du scrutin pr\u00e9sidentiel de l\u2019ann\u00e9e derni\u00e8re qui avait \u00e9t\u00e9 remport\u00e9. par Mutharika.<\/p>\n<p>La Cour constitutionnelle avait annul\u00e9 le r\u00e9sultat du scrutin pr\u00e9sidentiel de f\u00e9vrier et ordonn\u00e9 de nouvelles \u00e9lections dans les 150 jours.<\/p>\n<p>Mutharika a contest\u00e9 l\u2019annulation devant la Cour supr\u00eame et Nyirenda et Twea faisaient partie du panel de sept juges qui a confirm\u00e9 l\u2019annulation de l\u2019\u00e9lection pr\u00e9sidentielle de 2019.<\/p>\n<p>Suite \u00e0 cette annulation, Mutharika a attaqu\u00e9 les tribunaux, estimant que les juges n\u2019avaient pas prouv\u00e9 que des irr\u00e9gularit\u00e9s avaient affect\u00e9 les r\u00e9sultats des \u00e9lections.<\/p>\n<p>Il a \u00e9galement affirm\u00e9 que les juges faisaient partie d\u2019un complot pour un changement de r\u00e9gime.<\/p>\n<\/div>\n<p>Auteur: APA News<br \/>\n<a href=\"https:\/\/www.journalducameroun.com\/malawi-marche-des-avocats-pour-lindependance-judiciaire\/\">Cliquez ici pour lire l&rsquo;article depuis sa source.<\/a><\/p>\n","protected":false},"excerpt":{"rendered":"<p>Publi\u00e9 le 17.06.2020 \u00e0 17h18 par APA News Des dizaines d\u2019avocats ont d\u00e9fil\u00e9 mercredi dans plusieurs villes du pays pour protester contre la d\u00e9cision du gouvernement la semaine derni\u00e8re d\u2019envoyer le juge en chef Andrew Nyirenda en cong\u00e9 forc\u00e9, en attendant sa retraite et la pr\u00e9tendue tentative de limiter l\u2019ind\u00e9pendance du pouvoir judiciaire.Les avocats se [&hellip;]<\/p>\n","protected":false},"author":1965,"featured_media":0,"comment_status":"closed","ping_status":"closed","sticky":false,"template":"","format":"standard","meta":{"fifu_image_url":"","fifu_image_alt":"","footnotes":""},"categories":[73,82],"tags":[],"class_list":["post-89329","post","type-post","status-publish","format-standard","hentry","category-actualite","category-cameroun"],"_links":{"self":[{"href":"https:\/\/linitiative.ca\/International\/wp-json\/wp\/v2\/posts\/89329","targetHints":{"allow":["GET"]}}],"collection":[{"href":"https:\/\/linitiative.ca\/International\/wp-json\/wp\/v2\/posts"}],"about":[{"href":"https:\/\/linitiative.ca\/International\/wp-json\/wp\/v2\/types\/post"}],"author":[{"embeddable":true,"href":"https:\/\/linitiative.ca\/International\/wp-json\/wp\/v2\/users\/1965"}],"replies":[{"embeddable":true,"href":"https:\/\/linitiative.ca\/International\/wp-json\/wp\/v2\/comments?post=89329"}],"version-history":[{"count":0,"href":"https:\/\/linitiative.ca\/International\/wp-json\/wp\/v2\/posts\/89329\/revisions"}],"wp:attachment":[{"href":"https:\/\/linitiative.ca\/International\/wp-json\/wp\/v2\/media?parent=89329"}],"wp:term":[{"taxonomy":"category","embeddable":true,"href":"https:\/\/linitiative.ca\/International\/wp-json\/wp\/v2\/categories?post=89329"},{"taxonomy":"post_tag","embeddable":true,"href":"https:\/\/linitiative.ca\/International\/wp-json\/wp\/v2\/tags?post=89329"}],"curies":[{"name":"wp","href":"https:\/\/api.w.org\/{rel}","templated":true}]}}