{"id":89332,"date":"2020-06-17T14:18:09","date_gmt":"2020-06-17T18:18:09","guid":{"rendered":"https:\/\/linitiative.ca\/International\/rwanda-les-vols-resteront-suspendus-jusqua-nouvel-ordre\/"},"modified":"2020-06-17T14:18:09","modified_gmt":"2020-06-17T18:18:09","slug":"rwanda-les-vols-resteront-suspendus-jusqua-nouvel-ordre","status":"publish","type":"post","link":"https:\/\/linitiative.ca\/International\/rwanda-les-vols-resteront-suspendus-jusqua-nouvel-ordre\/","title":{"rendered":"Rwanda: les vols resteront suspendus jusqu\u2019\u00e0 nouvel ordre"},"content":{"rendered":"<div readability=\"32\">\n<p>Publi\u00e9 le 17.06.2020 \u00e0 19h18 par APA News<\/p>\n<\/div>\n<div readability=\"73\">\n<p>Malgr\u00e9 les mesures d\u2019assouplissement issues de la r\u00e9union du Cabinet pr\u00e9sidentiel pour lutter contre la propagation du coronavirus, le gouvernement a d\u00e9clar\u00e9 que tous les vols commerciaux de passagers resteront suspendus jusqu\u2019\u00e0 nouvel ordre.Le Cabinet a rouvert mardi le tourisme national et international. Cependant, les touristes internationaux autoris\u00e9s ne sont que ceux sur les vols charters, selon un communiqu\u00e9 dont\u00a0APA a pu obtenir copie mercredi \u00e0 Kigali.<\/p>\n<p>Des mesures de confinement suppl\u00e9mentaires sont en place \u00e0 Rubavu (nord-ouest) et Rusizi (sud-ouest), deux districts situ\u00e9s \u00e0 la fronti\u00e8re avec la R\u00e9publique d\u00e9mocratique du Congo (RDC) voisine, o\u00f9 toutes les activit\u00e9s commerciales, \u00e0 l\u2019exception de la vente d\u2019aliments, des pharmacies et les grands rassemblements, sont temporairement suspendues.<\/p>\n<p>Dans une d\u00e9claration publi\u00e9e pr\u00e9c\u00e9demment, le porte-drapeau de la compagnie nationale du Rwanda, RwandAir a d\u00e9clar\u00e9 que l\u2019espace a\u00e9rien du pays restait ferm\u00e9 aux vols commerciaux, afin de freiner la propagation de Covid-19 dans le pays.<\/p>\n<p>Rwandair prolongera donc la suspension temporaire des vols de passagers jusqu\u2019\u00e0 ce que les restrictions (sur le coronavirus) soient lev\u00e9es, a indiqu\u00e9 la compagnie a\u00e9rienne dans un communiqu\u00e9 publi\u00e9 mercredi.<\/p>\n<p>Le Rwanda est en confinement depuis le 15 mars pour freiner la propagation du coronavirus. Tous les vols commerciaux de passagers ont \u00e9t\u00e9 suspendus pour cette p\u00e9riode.<\/p>\n<p>Cependant, les vols de fret, les vols d\u2019\u00e9vacuation m\u00e9dicale et les vols affr\u00e9t\u00e9s pour les touristes sont autoris\u00e9s \u00e0 op\u00e9rer.<\/p>\n<p>Mardi, le Rwanda a enregistr\u00e9 24 nouveaux cas de coronavirus (Covid-19), portant le nombre total \u00e0 636.<\/p>\n<\/div>\n<p>Auteur: APA News<br \/>\n<a href=\"https:\/\/www.journalducameroun.com\/rwanda-les-vols-resteront-suspendus-jusqua-nouvel-ordre\/\">Cliquez ici pour lire l&rsquo;article depuis sa source.<\/a><\/p>\n","protected":false},"excerpt":{"rendered":"<p>Publi\u00e9 le 17.06.2020 \u00e0 19h18 par APA News Malgr\u00e9 les mesures d\u2019assouplissement issues de la r\u00e9union du Cabinet pr\u00e9sidentiel pour lutter contre la propagation du coronavirus, le gouvernement a d\u00e9clar\u00e9 que tous les vols commerciaux de passagers resteront suspendus jusqu\u2019\u00e0 nouvel ordre.Le Cabinet a rouvert mardi le tourisme national et international. Cependant, les touristes internationaux [&hellip;]<\/p>\n","protected":false},"author":1965,"featured_media":0,"comment_status":"closed","ping_status":"closed","sticky":false,"template":"","format":"standard","meta":{"fifu_image_url":"","fifu_image_alt":"","footnotes":""},"categories":[73,82],"tags":[],"class_list":["post-89332","post","type-post","status-publish","format-standard","hentry","category-actualite","category-cameroun"],"_links":{"self":[{"href":"https:\/\/linitiative.ca\/International\/wp-json\/wp\/v2\/posts\/89332","targetHints":{"allow":["GET"]}}],"collection":[{"href":"https:\/\/linitiative.ca\/International\/wp-json\/wp\/v2\/posts"}],"about":[{"href":"https:\/\/linitiative.ca\/International\/wp-json\/wp\/v2\/types\/post"}],"author":[{"embeddable":true,"href":"https:\/\/linitiative.ca\/International\/wp-json\/wp\/v2\/users\/1965"}],"replies":[{"embeddable":true,"href":"https:\/\/linitiative.ca\/International\/wp-json\/wp\/v2\/comments?post=89332"}],"version-history":[{"count":0,"href":"https:\/\/linitiative.ca\/International\/wp-json\/wp\/v2\/posts\/89332\/revisions"}],"wp:attachment":[{"href":"https:\/\/linitiative.ca\/International\/wp-json\/wp\/v2\/media?parent=89332"}],"wp:term":[{"taxonomy":"category","embeddable":true,"href":"https:\/\/linitiative.ca\/International\/wp-json\/wp\/v2\/categories?post=89332"},{"taxonomy":"post_tag","embeddable":true,"href":"https:\/\/linitiative.ca\/International\/wp-json\/wp\/v2\/tags?post=89332"}],"curies":[{"name":"wp","href":"https:\/\/api.w.org\/{rel}","templated":true}]}}