{"id":89337,"date":"2020-06-18T10:41:45","date_gmt":"2020-06-18T14:41:45","guid":{"rendered":"https:\/\/linitiative.ca\/International\/nomination-kamal-mokdad-nouveau-president-de-la-bourse-de-casablanca\/"},"modified":"2020-06-18T10:41:45","modified_gmt":"2020-06-18T14:41:45","slug":"nomination-kamal-mokdad-nouveau-president-de-la-bourse-de-casablanca","status":"publish","type":"post","link":"https:\/\/linitiative.ca\/International\/nomination-kamal-mokdad-nouveau-president-de-la-bourse-de-casablanca\/","title":{"rendered":"Nomination : Kamal Mokdad nouveau pr\u00e9sident  de la Bourse de Casablanca"},"content":{"rendered":"<header>\n<\/header>\n<div class=\"entry-content clearfix\" readability=\"56\"><img decoding=\"async\" class=\"post_layout_5_img\" src=\"http:\/\/aujourdhui.ma\/wp-content\/uploads\/2019\/10\/BCP-Kamal-Mokdad.jpg\" alt=\"Nomination : Kamal Mokdad nouveau pr&#xE9;sident de la Bourse de Casablanca\"\/><\/p>\n<p><span class=\"c5\"><strong>Le conseil d\u2019administration de la Bourse de Casablanca s\u2019est r\u00e9uni jeudi en vue de d\u00e9signer le successeur de Hamid Tawfiki, pr\u00e9sident du conseil d\u2019administration de la Bourse de Casablanca, dont le mandat arrivait \u00e0 son terme.<\/strong><\/span><br \/><span id=\"more-348009\"\/><\/p>\n<p>Le conseil d\u2019administration a d\u00e9cid\u00e9 de nommer \u00e0 l\u2019unanimit\u00e9 Kamal Mokdad comme nouveau pr\u00e9sident.<\/p>\n<p>Le conseil d\u2019administration a tenu \u00e0 saluer l\u2019action de Hamid Tawfiki, qui a occup\u00e9 cette fonction depuis le 17 juin 2016, et \u00e0 le remercier pour son implication dans le d\u00e9veloppement et la transformation du march\u00e9 boursier marocain, ainsi que dans la mise en place du plan strat\u00e9gique Ambition 2021 de la Bourse de Casablanca.<\/p>\n<p>M. Tawfiki reste administrateur de la Bourse de Casablanca, repr\u00e9sentant la Caisse de d\u00e9p\u00f4t et de gestion (CDG). S\u2019agissant du nouveau pr\u00e9sident, il \u00e9tait jusqu\u2019\u00e0 pr\u00e9sent administrateur de la Bourse de Casablanca, repr\u00e9sentant la Banque Centrale Populaire (BCP), dont il est directeur g\u00e9n\u00e9ral.<\/p>\n<\/div>\n<p>Auteur: ALM<br \/>\n<a href=\"https:\/\/aujourdhui.ma\/economie\/nomination-kamal-mokdad-nouveau-president-de-la-bourse-de-casablanca\">Cliquez ici pour lire l&rsquo;article depuis sa source.<\/a><\/p>\n","protected":false},"excerpt":{"rendered":"<p>Le conseil d\u2019administration de la Bourse de Casablanca s\u2019est r\u00e9uni jeudi en vue de d\u00e9signer le successeur de Hamid Tawfiki, pr\u00e9sident du conseil d\u2019administration de la Bourse de Casablanca, dont le mandat arrivait \u00e0 son terme. Le conseil d\u2019administration a d\u00e9cid\u00e9 de nommer \u00e0 l\u2019unanimit\u00e9 Kamal Mokdad comme nouveau pr\u00e9sident. Le conseil d\u2019administration a tenu [&hellip;]<\/p>\n","protected":false},"author":1759,"featured_media":89338,"comment_status":"closed","ping_status":"closed","sticky":false,"template":"","format":"standard","meta":{"fifu_image_url":"","fifu_image_alt":"","footnotes":""},"categories":[73,54],"tags":[],"class_list":["post-89337","post","type-post","status-publish","format-standard","has-post-thumbnail","hentry","category-actualite","category-maroc"],"_links":{"self":[{"href":"https:\/\/linitiative.ca\/International\/wp-json\/wp\/v2\/posts\/89337","targetHints":{"allow":["GET"]}}],"collection":[{"href":"https:\/\/linitiative.ca\/International\/wp-json\/wp\/v2\/posts"}],"about":[{"href":"https:\/\/linitiative.ca\/International\/wp-json\/wp\/v2\/types\/post"}],"author":[{"embeddable":true,"href":"https:\/\/linitiative.ca\/International\/wp-json\/wp\/v2\/users\/1759"}],"replies":[{"embeddable":true,"href":"https:\/\/linitiative.ca\/International\/wp-json\/wp\/v2\/comments?post=89337"}],"version-history":[{"count":0,"href":"https:\/\/linitiative.ca\/International\/wp-json\/wp\/v2\/posts\/89337\/revisions"}],"wp:featuredmedia":[{"embeddable":true,"href":"https:\/\/linitiative.ca\/International\/wp-json\/"}],"wp:attachment":[{"href":"https:\/\/linitiative.ca\/International\/wp-json\/wp\/v2\/media?parent=89337"}],"wp:term":[{"taxonomy":"category","embeddable":true,"href":"https:\/\/linitiative.ca\/International\/wp-json\/wp\/v2\/categories?post=89337"},{"taxonomy":"post_tag","embeddable":true,"href":"https:\/\/linitiative.ca\/International\/wp-json\/wp\/v2\/tags?post=89337"}],"curies":[{"name":"wp","href":"https:\/\/api.w.org\/{rel}","templated":true}]}}