{"id":89341,"date":"2020-06-18T10:55:55","date_gmt":"2020-06-18T14:55:55","guid":{"rendered":"https:\/\/linitiative.ca\/International\/laccord-aerien-ue-maroc-desormais-elargi-a-tous-les-etats-membres-de-lue\/"},"modified":"2020-06-18T10:55:55","modified_gmt":"2020-06-18T14:55:55","slug":"laccord-aerien-ue-maroc-desormais-elargi-a-tous-les-etats-membres-de-lue","status":"publish","type":"post","link":"https:\/\/linitiative.ca\/International\/laccord-aerien-ue-maroc-desormais-elargi-a-tous-les-etats-membres-de-lue\/","title":{"rendered":"L\u2019accord a\u00e9rien UE-Maroc d\u00e9sormais \u00e9largi \u00e0 tous les Etats membres de l\u2019UE"},"content":{"rendered":"<header>\n<\/header>\n<div class=\"entry-content clearfix\" readability=\"50\"><img decoding=\"async\" class=\"post_layout_5_img\" src=\"http:\/\/aujourdhui.ma\/wp-content\/uploads\/2020\/01\/aeroport-RAM-Royal-air-Maroc.jpg\" alt=\"L&#x2019;accord a&#xE9;rien UE-Maroc d&#xE9;sormais &#xE9;largi &#xE0; tous les Etats membres de l&#x2019;UE\"\/><\/p>\n<p><span class=\"c5\"><strong>Le Parlement europ\u00e9en a adopt\u00e9, mercredi en pl\u00e9ni\u00e8re, l\u2019extension de l\u2019accord a\u00e9rien entre le Maroc et l\u2019Union europ\u00e9enne \u00e0 la Bulgarie et \u00e0 la Roumanie.<\/strong><\/span><span id=\"more-347987\"\/><\/p>\n<p>Avec cette adoption \u00e0 une \u00e9crasante majorit\u00e9 (623 pour sur 688 votants) tous les Etats membres de l\u2019UE sont d\u00e9sormais partie de cet accord.<br \/>Aucune modification n\u2019a \u00e9t\u00e9 apport\u00e9e au contenu de l\u2019accord, mais des adaptations techniques et linguistiques qui r\u00e9sultent de l\u2019adh\u00e9sion de la Bulgarie et de la Roumanie \u00e0 l\u2019Union europ\u00e9enne y ont \u00e9t\u00e9 introduites.<\/p>\n<p>L\u2019accord a\u00e9rien unissant le Maroc et l\u2019UE vise tant l\u2019ouverture des march\u00e9s que le rapprochement des l\u00e9gislations des deux parties en mati\u00e8re d\u2019aviation. Il contient \u00e9galement des dispositions en termes d\u2019investissements bilat\u00e9raux de part et d\u2019autre.<\/p>\n<p>Le Maroc, rappelle-t-on, a \u00e9t\u00e9 le premier pays non europ\u00e9en \u00e0 signer cet accord a\u00e9rien avec l\u2019UE.<\/p>\n<\/div>\n<p>Auteur: ALM<br \/>\n<a href=\"https:\/\/aujourdhui.ma\/actualite\/laccord-aerien-ue-maroc-desormais-elargi-a-tous-les-etats-membres-de-lue\">Cliquez ici pour lire l&rsquo;article depuis sa source.<\/a><\/p>\n","protected":false},"excerpt":{"rendered":"<p>Le Parlement europ\u00e9en a adopt\u00e9, mercredi en pl\u00e9ni\u00e8re, l\u2019extension de l\u2019accord a\u00e9rien entre le Maroc et l\u2019Union europ\u00e9enne \u00e0 la Bulgarie et \u00e0 la Roumanie. Avec cette adoption \u00e0 une \u00e9crasante majorit\u00e9 (623 pour sur 688 votants) tous les Etats membres de l\u2019UE sont d\u00e9sormais partie de cet accord.Aucune modification n\u2019a \u00e9t\u00e9 apport\u00e9e au contenu [&hellip;]<\/p>\n","protected":false},"author":1759,"featured_media":89342,"comment_status":"closed","ping_status":"closed","sticky":false,"template":"","format":"standard","meta":{"fifu_image_url":"","fifu_image_alt":"","footnotes":""},"categories":[73,54],"tags":[],"class_list":["post-89341","post","type-post","status-publish","format-standard","has-post-thumbnail","hentry","category-actualite","category-maroc"],"_links":{"self":[{"href":"https:\/\/linitiative.ca\/International\/wp-json\/wp\/v2\/posts\/89341","targetHints":{"allow":["GET"]}}],"collection":[{"href":"https:\/\/linitiative.ca\/International\/wp-json\/wp\/v2\/posts"}],"about":[{"href":"https:\/\/linitiative.ca\/International\/wp-json\/wp\/v2\/types\/post"}],"author":[{"embeddable":true,"href":"https:\/\/linitiative.ca\/International\/wp-json\/wp\/v2\/users\/1759"}],"replies":[{"embeddable":true,"href":"https:\/\/linitiative.ca\/International\/wp-json\/wp\/v2\/comments?post=89341"}],"version-history":[{"count":0,"href":"https:\/\/linitiative.ca\/International\/wp-json\/wp\/v2\/posts\/89341\/revisions"}],"wp:featuredmedia":[{"embeddable":true,"href":"https:\/\/linitiative.ca\/International\/wp-json\/"}],"wp:attachment":[{"href":"https:\/\/linitiative.ca\/International\/wp-json\/wp\/v2\/media?parent=89341"}],"wp:term":[{"taxonomy":"category","embeddable":true,"href":"https:\/\/linitiative.ca\/International\/wp-json\/wp\/v2\/categories?post=89341"},{"taxonomy":"post_tag","embeddable":true,"href":"https:\/\/linitiative.ca\/International\/wp-json\/wp\/v2\/tags?post=89341"}],"curies":[{"name":"wp","href":"https:\/\/api.w.org\/{rel}","templated":true}]}}