{"id":89343,"date":"2020-06-18T11:00:56","date_gmt":"2020-06-18T15:00:56","guid":{"rendered":"https:\/\/linitiative.ca\/International\/tourisme-le-maroc-dispose-a-poursuivre-la-cooperation-avec-les-pays-arabes\/"},"modified":"2020-06-18T11:00:56","modified_gmt":"2020-06-18T15:00:56","slug":"tourisme-le-maroc-dispose-a-poursuivre-la-cooperation-avec-les-pays-arabes","status":"publish","type":"post","link":"https:\/\/linitiative.ca\/International\/tourisme-le-maroc-dispose-a-poursuivre-la-cooperation-avec-les-pays-arabes\/","title":{"rendered":"Tourisme : Le Maroc dispos\u00e9 \u00e0 poursuivre  la coop\u00e9ration avec les pays arabes"},"content":{"rendered":"<p><img decoding=\"async\" class=\"post_layout_5_img\" src=\"http:\/\/aujourdhui.ma\/wp-content\/uploads\/2020\/03\/nadia-fettah-alaoui.jpg\" alt=\"Tourisme : Le Maroc dispos&#xE9; &#xE0; poursuivre la coop&#xE9;ration avec les pays arabes\"\/><\/p>\n<p><span class=\"c6\"><strong><span class=\"c5\">Nadia Fettah Alaoui l\u2019a soulign\u00e9 lors d\u2019une r\u00e9union du Conseil minist\u00e9riel arabe<\/span><\/strong><\/span><br \/><span id=\"more-348007\"\/><\/p>\n<p>La ministre du tourisme, de l\u2019artisanat, du transport a\u00e9rien et de l\u2019\u00e9conomie sociale, Nadia Fettah Alaoui, a exprim\u00e9 mercredi la disposition du Maroc \u00e0 poursuivre la coop\u00e9ration privil\u00e9gi\u00e9e dans le domaine du tourisme et de partager sa modeste exp\u00e9rience avec les pays arabes fr\u00e8res.<\/p>\n<p>Mme Fettah, qui participait \u00e0 la r\u00e9union de la session urgente du Conseil minist\u00e9riel arabe du tourisme, tenue sous forme virtuelle dans le cadre de la coordination des efforts conjoints entre les pays arabes pour faire face aux r\u00e9percussions de la crise actuelle de la pand\u00e9mie du coronavirus et \u00e0 ses effets n\u00e9gatifs sur l\u2019\u00e9conomie et particuli\u00e8rement sur le secteur du tourisme dans le monde arabe, a soulign\u00e9 que le Royaume \u0153uvre pour le renforcement de l\u2019action arabe commune et \u00e0 la consolidation des relations distingu\u00e9es qu\u2019entretiennent les pays arabes aussi bien sur le plan bilat\u00e9ral que multilat\u00e9ral.<\/p>\n<p>Lors de cette r\u00e9union, la ministre a \u00e9galement mis en \u00e9vidence la r\u00e9silience du secteur du tourisme et sa capacit\u00e9 \u00e0 faire face \u00e0 une multitude de crises affectant les activit\u00e9s touristiques mondiales, en soulignant l\u2019importance de renforcer la solidarit\u00e9 et le travail commun entre tous les pays arabes, et la n\u00e9cessit\u00e9 de b\u00e9n\u00e9ficier de l\u2019appui fourni par la Ligue Arabe, l\u2019Organisation mondiale du tourisme et les autres organisations arabes et r\u00e9gionales sp\u00e9cialis\u00e9es, pour affronter ensemble cette pand\u00e9mie, relancer le secteur du tourisme, et minimiser autant que possible son impact sur l\u2019activit\u00e9 touristique dans le monde arabe.<br \/>Mme Fettah a soulign\u00e9 que sous l\u2019impulsion de SM le Roi Mohammed VI, le gouvernement a mis en place une strat\u00e9gie de r\u00e9ponse et de gestion des effets de cette pand\u00e9mie qui a mis la sant\u00e9 et la s\u00e9curit\u00e9 des citoyens au c\u0153ur de ses priorit\u00e9s, indique le minist\u00e8re du tourisme, de l\u2019artisanat, du transport a\u00e9rien et de l\u2019\u00e9conomie sociale -d\u00e9partement du tourisme- dans un communiqu\u00e9.<\/p>\n<p>Les mesures prises ont \u00e9galement permis d\u2019apporter une r\u00e9ponse structur\u00e9e pour pr\u00e9server les emplois et relancer l\u2019\u00e9conomie, notamment \u00e0 travers la cr\u00e9ation d\u2019un fonds d\u00e9di\u00e9, ajoute la m\u00eame source.<\/p>\n<p>De m\u00eame, la ministre a soulign\u00e9 lors de cette r\u00e9union les mesures prises par le Maroc pour relancer le secteur touristique, notamment le d\u00e9veloppement d\u2019une plateforme num\u00e9rique pour renforcer la capacit\u00e9 des op\u00e9rateurs touristiques, l\u2019adoption de la loi \u00e9dictant des mesures particuli\u00e8res aux contrats de voyage et de s\u00e9jour touristiques et aux contrats de transport a\u00e9rien de passagers qui vise \u00e0 diminuer la pression sur la tr\u00e9sorerie des prestataires de services, l\u2019\u00e9laboration d\u2019un guide sur les mesures sanitaires adopt\u00e9es par les op\u00e9rateurs touristiques marocains et la mise en place d\u2019un recueil de recommandations sur les mesures de s\u00e9curit\u00e9 et d\u2019hygi\u00e8ne, lesquelles sont destin\u00e9es aux professionnels du secteur, sachant que d\u2019autres mesures d\u2019ordre financier, social et de gouvernance sont en cours d\u2019\u00e9tude.<\/p>\n<p>Auteur: ALM<br \/>\n<a href=\"https:\/\/aujourdhui.ma\/economie\/tourisme-le-maroc-dispose-a-poursuivre-la-cooperation-avec-les-pays-arabes\">Cliquez ici pour lire l&rsquo;article depuis sa source.<\/a><\/p>\n","protected":false},"excerpt":{"rendered":"<p>Nadia Fettah Alaoui l\u2019a soulign\u00e9 lors d\u2019une r\u00e9union du Conseil minist\u00e9riel arabe La ministre du tourisme, de l\u2019artisanat, du transport a\u00e9rien et de l\u2019\u00e9conomie sociale, Nadia Fettah Alaoui, a exprim\u00e9 mercredi la disposition du Maroc \u00e0 poursuivre la coop\u00e9ration privil\u00e9gi\u00e9e dans le domaine du tourisme et de partager sa modeste exp\u00e9rience avec les pays arabes [&hellip;]<\/p>\n","protected":false},"author":1759,"featured_media":89344,"comment_status":"closed","ping_status":"closed","sticky":false,"template":"","format":"standard","meta":{"fifu_image_url":"","fifu_image_alt":"","footnotes":""},"categories":[73,54],"tags":[],"class_list":["post-89343","post","type-post","status-publish","format-standard","has-post-thumbnail","hentry","category-actualite","category-maroc"],"_links":{"self":[{"href":"https:\/\/linitiative.ca\/International\/wp-json\/wp\/v2\/posts\/89343","targetHints":{"allow":["GET"]}}],"collection":[{"href":"https:\/\/linitiative.ca\/International\/wp-json\/wp\/v2\/posts"}],"about":[{"href":"https:\/\/linitiative.ca\/International\/wp-json\/wp\/v2\/types\/post"}],"author":[{"embeddable":true,"href":"https:\/\/linitiative.ca\/International\/wp-json\/wp\/v2\/users\/1759"}],"replies":[{"embeddable":true,"href":"https:\/\/linitiative.ca\/International\/wp-json\/wp\/v2\/comments?post=89343"}],"version-history":[{"count":0,"href":"https:\/\/linitiative.ca\/International\/wp-json\/wp\/v2\/posts\/89343\/revisions"}],"wp:featuredmedia":[{"embeddable":true,"href":"https:\/\/linitiative.ca\/International\/wp-json\/"}],"wp:attachment":[{"href":"https:\/\/linitiative.ca\/International\/wp-json\/wp\/v2\/media?parent=89343"}],"wp:term":[{"taxonomy":"category","embeddable":true,"href":"https:\/\/linitiative.ca\/International\/wp-json\/wp\/v2\/categories?post=89343"},{"taxonomy":"post_tag","embeddable":true,"href":"https:\/\/linitiative.ca\/International\/wp-json\/wp\/v2\/tags?post=89343"}],"curies":[{"name":"wp","href":"https:\/\/api.w.org\/{rel}","templated":true}]}}