{"id":89345,"date":"2020-06-18T11:01:40","date_gmt":"2020-06-18T15:01:40","guid":{"rendered":"https:\/\/linitiative.ca\/International\/tanger-saisie-de-5-400-comprimes-psychotropes-de-type-rivotril\/"},"modified":"2020-06-18T11:01:40","modified_gmt":"2020-06-18T15:01:40","slug":"tanger-saisie-de-5-400-comprimes-psychotropes-de-type-rivotril","status":"publish","type":"post","link":"https:\/\/linitiative.ca\/International\/tanger-saisie-de-5-400-comprimes-psychotropes-de-type-rivotril\/","title":{"rendered":"Tanger: Saisie de 5.400 comprim\u00e9s psychotropes de type \u00ab\u00a0Rivotril\u00a0\u00bb"},"content":{"rendered":"<header>\n<\/header>\n<div class=\"entry-content clearfix\" readability=\"53\"><img decoding=\"async\" class=\"post_layout_5_img\" src=\"http:\/\/aujourdhui.ma\/wp-content\/uploads\/2016\/02\/Drogue-Comprimes-psychotropes.jpg\" alt=\"Tanger: Saisie de 5.400 comprim&#xE9;s psychotropes de type &#xAB;&#xA0;Rivotril&#xA0;&#xBB;\"\/><\/p>\n<p><span class=\"c5\"><strong>Les \u00e9l\u00e9ments de la s\u00fbret\u00e9 nationale op\u00e9rant dans la zone du port Tanger-Med ont r\u00e9ussi, mercredi soir, \u00e0 mettre en \u00e9chec une tentative de trafic de 5.400 comprim\u00e9s psychotropes de type \u00ab\u00a0Rivotril\u00a0\u00bb, \u00e0 bord d\u2019un camion immatricul\u00e9 au Maroc et conduit par un ressortissant marocain \u00e2g\u00e9 de 48 ans.<\/strong><span id=\"more-348013\"\/><\/span><\/p>\n<p>Les op\u00e9rations de fouille pratiqu\u00e9es dans le cadre de cette affaire ont permis la saisie de la cargaison soigneusement dissimul\u00e9e \u00e0 l\u2019int\u00e9rieur de la cabine, et ce apr\u00e8s que le v\u00e9hicule ait fait la travers\u00e9e vers le Maroc \u00e0 bord d\u2019un navire en provenance d\u2019un port espagnol, indique un communiqu\u00e9 de la Direction g\u00e9n\u00e9rale de la s\u00fbret\u00e9 nationale (DGSN).<\/p>\n<p>Le mis en cause a \u00e9t\u00e9 plac\u00e9 en garde \u00e0 vue \u00e0 la disposition de l\u2019enqu\u00eate men\u00e9e sous la supervision du parquet comp\u00e9tent, en vue de d\u00e9terminer l\u2019origine et la destination des drogues saisies, ainsi que l\u2019identit\u00e9 de tous les partenaires et complices de cette tentative de trafic de cette quantit\u00e9 de drogue vers le Maroc, ajoute la m\u00eame source.<\/p>\n<\/div>\n<p>Auteur: ALM<br \/>\n<a href=\"https:\/\/aujourdhui.ma\/faits-divers\/tanger-saisie-de-5-400-comprimes-psychotropes-de-type-rivotril\">Cliquez ici pour lire l&rsquo;article depuis sa source.<\/a><\/p>\n","protected":false},"excerpt":{"rendered":"<p>Les \u00e9l\u00e9ments de la s\u00fbret\u00e9 nationale op\u00e9rant dans la zone du port Tanger-Med ont r\u00e9ussi, mercredi soir, \u00e0 mettre en \u00e9chec une tentative de trafic de 5.400 comprim\u00e9s psychotropes de type \u00ab\u00a0Rivotril\u00a0\u00bb, \u00e0 bord d\u2019un camion immatricul\u00e9 au Maroc et conduit par un ressortissant marocain \u00e2g\u00e9 de 48 ans. Les op\u00e9rations de fouille pratiqu\u00e9es dans [&hellip;]<\/p>\n","protected":false},"author":1759,"featured_media":89346,"comment_status":"closed","ping_status":"closed","sticky":false,"template":"","format":"standard","meta":{"fifu_image_url":"","fifu_image_alt":"","footnotes":""},"categories":[73,54],"tags":[],"class_list":["post-89345","post","type-post","status-publish","format-standard","has-post-thumbnail","hentry","category-actualite","category-maroc"],"_links":{"self":[{"href":"https:\/\/linitiative.ca\/International\/wp-json\/wp\/v2\/posts\/89345","targetHints":{"allow":["GET"]}}],"collection":[{"href":"https:\/\/linitiative.ca\/International\/wp-json\/wp\/v2\/posts"}],"about":[{"href":"https:\/\/linitiative.ca\/International\/wp-json\/wp\/v2\/types\/post"}],"author":[{"embeddable":true,"href":"https:\/\/linitiative.ca\/International\/wp-json\/wp\/v2\/users\/1759"}],"replies":[{"embeddable":true,"href":"https:\/\/linitiative.ca\/International\/wp-json\/wp\/v2\/comments?post=89345"}],"version-history":[{"count":0,"href":"https:\/\/linitiative.ca\/International\/wp-json\/wp\/v2\/posts\/89345\/revisions"}],"wp:featuredmedia":[{"embeddable":true,"href":"https:\/\/linitiative.ca\/International\/wp-json\/"}],"wp:attachment":[{"href":"https:\/\/linitiative.ca\/International\/wp-json\/wp\/v2\/media?parent=89345"}],"wp:term":[{"taxonomy":"category","embeddable":true,"href":"https:\/\/linitiative.ca\/International\/wp-json\/wp\/v2\/categories?post=89345"},{"taxonomy":"post_tag","embeddable":true,"href":"https:\/\/linitiative.ca\/International\/wp-json\/wp\/v2\/tags?post=89345"}],"curies":[{"name":"wp","href":"https:\/\/api.w.org\/{rel}","templated":true}]}}