{"id":89347,"date":"2020-06-17T13:05:04","date_gmt":"2020-06-17T17:05:04","guid":{"rendered":"https:\/\/linitiative.ca\/International\/quen-pensent-les-professionnels-du-secteur\/"},"modified":"2020-06-17T13:05:04","modified_gmt":"2020-06-17T17:05:04","slug":"quen-pensent-les-professionnels-du-secteur","status":"publish","type":"post","link":"https:\/\/linitiative.ca\/International\/quen-pensent-les-professionnels-du-secteur\/","title":{"rendered":"Qu\u2019en pensent les professionnels du secteur?"},"content":{"rendered":"<p class=\"has-text-color has-vivid-red-color c2\"><strong>Programme de soutien \u00e0 la culture<\/strong><\/p>\n<p class=\"c3\"><strong>Mohamed Nait Youssef<\/strong><\/p>\n<p class=\"has-text-color c4\"><strong>Fragilis\u00e9s par la pand\u00e9mie, les secteurs de l\u2019art et de la culture, qui sont \u00e0 l\u2019arr\u00eat depuis plus de trois mois, ont \u00e9t\u00e9 touch\u00e9s de plein fouet. Les pertes sont en effet immenses et la crise sanitaire a mis \u00e0 nu tout un secteur qui vit d\u00e9j\u00e0 entre vents et marr\u00e9es.<\/strong><\/p>\n<p>En effet, pour verser un nouveau sang dans les veines de l\u2019ensemble des secteurs et m\u00e9tiers\u00a0 artistiques et culturels, le Minist\u00e8re de la culture, de la jeunesse et des sports vient d\u2019annoncer un programme de soutien pour redynamiser et relancer l\u2019art et la culture.<\/p>\n<p>Dans ce cadre, un appel \u00e0 projets artistiques pour une enveloppe globale de 39 MDH sera lanc\u00e9 \u00e0 partir du 17 juin pour les domaines \u00e0 savoir le th\u00e9\u00e2tre et les tourn\u00e9es nationales pour une enveloppe pr\u00e9visionnelle de 20 MDH (jusqu\u2019\u00e0 200 000 DH par projet). Pour ce qui est de la musique, chanson, arts de la sc\u00e8ne et arts chor\u00e9graphiques, une enveloppe pr\u00e9visionnelle de 12 MDH (jusqu\u2019\u00e0 250 000 DH par projet) sera consacr\u00e9e \u00e0 ce secteur.<\/p>\n<p>Quant aux expositions d\u2019arts plastiques et\/ou visuels port\u00e9es par les galeries, une enveloppe pr\u00e9visionnelle de 2 MDH (jusqu\u2019\u00e0 250 000 DH par projet) a \u00e9t\u00e9 allou\u00e9e. Et ce n\u2019est pas tout ! L\u2019acquisition d\u2019\u0153uvres d\u2019arts plastiques ou visuelles aupr\u00e8s des artistes b\u00e9n\u00e9ficieront\u00a0 d\u2019une enveloppe pr\u00e9visionnelle de 3 MDH (de 5000 \u00e0 30.000 DH par \u0153uvre) afin d\u2019enrichir les collections du Minist\u00e8re et d\u2019encourager les jeunes talents, sans oublier bien entendu la participation \u00e0 l\u2019initiative d\u2019acquisition d\u2019\u0153uvres d\u2019arts plastiques et visuelles de la Fondation Nationale des Mus\u00e9es \u00e0 hauteur de 2 MDH, ce qui porte l\u2019initiative \u00e0 8 MDH.<\/p>\n<p>Par ailleurs, une enveloppe de 11 MDH sera consacr\u00e9e aux\u00a0 secteurs de l\u2019\u00e9dition et du livre dont le lancement d\u2019un appel \u00e0 projets a \u00e9t\u00e9 \u00a0programm\u00e9 le 17 juin.<\/p>\n<p>\u00abLe Corona nous a permis de mieux g\u00e9rer la situation du livre et de l\u2019\u00e9dition\u00bb, a soulign\u00e9 Abdelkader Retnani, vice pr\u00e9sident de la F\u00e9d\u00e9ration des Industries Culturelles et Cr\u00e9atives (FICC), dans une d\u00e9claration \u00e0 Al Bayane. \u00abAuparavant, l\u2019argent se donnait n\u2019importe comment, mais aujourd\u2019hui, les gens doivent se professionnaliser\u00a0 pour avoir cette aide\u00bb, a-t-il fait savoir.\u00a0 Pour le pr\u00e9sident de l\u2019Union professionnelle des \u00e9diteurs du Maroc, \u00ab\u00a0ce soutien n\u2019est pas assez suffisant\u00a0 pour sauver l\u2019ensemble du secteur qui\u00a0 a \u00e9t\u00e9 profond\u00e9ment touch\u00e9 par la crise\u00a0sanitaire li\u00e9e au nouveau coronavirus Covid-19\u00bb.<\/p>\n<p>Mohammed Mansouri Idrissi, pr\u00e9sident du Syndicat marocain des artistes plasticiens professionnels, a salu\u00e9 cette initiative lanc\u00e9e par le minist\u00e8re visant la relance du secteur des arts plastiques et visuels tout en insistant sur la d\u00e9centralisation de cette aide afin de toucher les artistes dans les diff\u00e9rentes r\u00e9gions du royaume.<\/p>\n<p>\u00abC\u2019est une initiative \u00e0 saluer mais qui ne devrait pas \u00eatre centralis\u00e9e. En effet, il faudrait penser \u00e9galement aux d\u00e9l\u00e9gations r\u00e9gionales et aux artistes dans les quatre coins du pays\u00bb, a-t-il fait savoir.\u00a0 Et d\u2019ajouter: \u00abLe ministre aurait d\u00fb consacrer un montant de 5 MDH au lieu de participer \u00e0 l\u2019initiative d\u2019acquisition d\u2019\u0153uvres d\u2019arts plastiques et visuelles de la Fondation Nationale des Mus\u00e9es avec une enveloppe de 2 MDH ;\u00a0 car\u00a0 chaque institution a ses axes de priorit\u00e9 et son champ de travail\u00bb.<\/p>\n<p>Bouhcine Massoud, pr\u00e9sident du Syndicat marocain des professionnels des arts dramatiques, a \u00e9galement salu\u00e9 cette initiative qui pourra selon\u00a0 ses dires, aider les artistes et les professionnels de l\u2019art dramatique \u00a0\u00e0 surmonter cette p\u00e9riode assez difficile. \u00abCes d\u00e9cisions annonc\u00e9es par le Minist\u00e8re s\u2019inscrivent dans le cadre de dispositions financi\u00e8res de l\u2019ann\u00e9e 2020.<\/p>\n<p>Ainsi, m\u00eame si elles sont positives, elles ne peuvent pas r\u00e9soudre le probl\u00e8me des autres cat\u00e9gories d\u2019artistes et d\u2019acteurs existant dans les champs culturel et artistique,\u00a0 parce qu\u2019elles ne font pas partie des cat\u00e9gories b\u00e9n\u00e9ficiant du soutien\u00bb, a-t-il affirm\u00e9.<\/p>\n<p>Pour lui, cette initiative pourra contribuer dans la redynamisation du secteur culturel\u00a0 qui a \u00e9t\u00e9 \u00e0 l\u2019arr\u00eat et fragilis\u00e9 par la crise.<\/p>\n<p>\u00abNous aspirons \u00e0 une vision claire, globale et int\u00e9gr\u00e9e pour les secteurs culturels et artistiques apr\u00e8s cette pand\u00e9mie et rattraper entre autres le temps perdu de la saison culturelle qui\u00a0 d\u00e9marrait\u00a0 souvent\u00a0 en retard\u00bb.<\/p>\n<p>Auteur: M&rsquo;hammed rahal<br \/>\n<a href=\"http:\/\/albayane.press.ma\/quen-pensent-les-professionnels-du-secteur.html\">Cliquez ici pour lire l&rsquo;article depuis sa source.<\/a><\/p>\n","protected":false},"excerpt":{"rendered":"<p>Programme de soutien \u00e0 la culture Mohamed Nait Youssef Fragilis\u00e9s par la pand\u00e9mie, les secteurs de l\u2019art et de la culture, qui sont \u00e0 l\u2019arr\u00eat depuis plus de trois mois, ont \u00e9t\u00e9 touch\u00e9s de plein fouet. Les pertes sont en effet immenses et la crise sanitaire a mis \u00e0 nu tout un secteur qui vit [&hellip;]<\/p>\n","protected":false},"author":1760,"featured_media":0,"comment_status":"closed","ping_status":"closed","sticky":false,"template":"","format":"standard","meta":{"fifu_image_url":"","fifu_image_alt":"","footnotes":""},"categories":[73,54],"tags":[],"class_list":["post-89347","post","type-post","status-publish","format-standard","hentry","category-actualite","category-maroc"],"_links":{"self":[{"href":"https:\/\/linitiative.ca\/International\/wp-json\/wp\/v2\/posts\/89347","targetHints":{"allow":["GET"]}}],"collection":[{"href":"https:\/\/linitiative.ca\/International\/wp-json\/wp\/v2\/posts"}],"about":[{"href":"https:\/\/linitiative.ca\/International\/wp-json\/wp\/v2\/types\/post"}],"author":[{"embeddable":true,"href":"https:\/\/linitiative.ca\/International\/wp-json\/wp\/v2\/users\/1760"}],"replies":[{"embeddable":true,"href":"https:\/\/linitiative.ca\/International\/wp-json\/wp\/v2\/comments?post=89347"}],"version-history":[{"count":0,"href":"https:\/\/linitiative.ca\/International\/wp-json\/wp\/v2\/posts\/89347\/revisions"}],"wp:attachment":[{"href":"https:\/\/linitiative.ca\/International\/wp-json\/wp\/v2\/media?parent=89347"}],"wp:term":[{"taxonomy":"category","embeddable":true,"href":"https:\/\/linitiative.ca\/International\/wp-json\/wp\/v2\/categories?post=89347"},{"taxonomy":"post_tag","embeddable":true,"href":"https:\/\/linitiative.ca\/International\/wp-json\/wp\/v2\/tags?post=89347"}],"curies":[{"name":"wp","href":"https:\/\/api.w.org\/{rel}","templated":true}]}}