{"id":89349,"date":"2020-06-17T13:23:11","date_gmt":"2020-06-17T17:23:11","guid":{"rendered":"https:\/\/linitiative.ca\/International\/%ef%bb%bfdeconfinement-la-presente-etape-consiste-a-eradiquer-la-maladie-en-atteignant-le-r0-nul\/"},"modified":"2020-06-17T13:23:11","modified_gmt":"2020-06-17T17:23:11","slug":"%ef%bb%bfdeconfinement-la-presente-etape-consiste-a-eradiquer-la-maladie-en-atteignant-le-r0-nul","status":"publish","type":"post","link":"https:\/\/linitiative.ca\/International\/%ef%bb%bfdeconfinement-la-presente-etape-consiste-a-eradiquer-la-maladie-en-atteignant-le-r0-nul\/","title":{"rendered":"\ufeffD\u00e9confinement: \u00abLa pr\u00e9sente \u00e9tape consiste \u00e0 \u00e9radiquer la maladie en atteignant le R0 nul\u00bb"},"content":{"rendered":"<p class=\"has-text-color has-vivid-red-color c2\"><strong>Trois questions \u00e0 Jamal Idrissi Bouzidi, pneumo-allergologue<\/strong><\/p>\n<p class=\"c3\"><strong>Saad Bouzrou (MAP)<\/strong><\/p>\n<p class=\"has-text-color c4\"><strong>Voici trois questions au pneumo-allergologue Jamal Idrissi Bouzidi qui revient, dans un entretien accord\u00e9 \u00e0 la MAP, sur les crit\u00e8res sanitaires retenus pour la mise en place du plan d\u2019all\u00e8gement du confinement, les grands d\u00e9fis de l\u2019\u00e9tape actuelle et les crit\u00e8res \u00e0 prendre en compte pour une lev\u00e9e totale du confinement sanitaire :<\/strong><\/p>\n<p class=\"has-text-color has-vivid-red-color\"><strong>Quels sont, \u00e0 votre avis, les crit\u00e8res sanitaires retenus pour la mise en place du plan d\u2019all\u00e8gement du confinement avec l\u2019\u00e9tablissement des deux zones I et II?<\/strong><\/p>\n<p>Le Maroc a tir\u00e9 profit des exp\u00e9riences internationales r\u00e9ussies dans la lutte contre le nouveau coronavirus de pays comme la Chine, la Cor\u00e9e du Sud, Singapour ou encore l\u2019Allemagne et a \u00e9vit\u00e9 les r\u00e9sultats catastrophiques des exp\u00e9riences qui ont \u00e9chou\u00e9. Les crit\u00e8res retenus pour la mise en place de ce plan \u00e9taient donc purement scientifiques et objectifs.<\/p>\n<p>Toutefois, il existe des pays qui n\u2019ont pas impos\u00e9 le confinement sanitaire dans tout le pays, \u00e0 l\u2019instar de la Chine qui l\u2019a appliqu\u00e9 seulement sur les zones et les r\u00e9gions touch\u00e9es par la Covid-19. Le Maroc a, de ce fait, adopt\u00e9 ce m\u00eame plan lors de cette deuxi\u00e8me \u00e9tape en all\u00e9geant le confinement sanitaire de fa\u00e7on plus d\u00e9velopp\u00e9e dans les r\u00e9gions o\u00f9 le nombre d\u2019infections et de cas actifs et le taux de reproduction du virus (R0) \u00e9taient nuls ou presque, outre l\u2019absence de cas en r\u00e9animation, \u00e0 l\u2019instar de la zone I. Mais en ce qui concerne la zone II, les cas actifs sont encore nombreux, l\u2019enregistrement des cas positifs au coronavirus n\u2019a pas cess\u00e9 et le R0 atteint toujours un certain niveau. Heureusement, le R0 au Maroc est actuellement en dessous de 0,7 et les experts internationaux sont unanimes que lorsque le virus n\u2019est pas d\u2019une grande f\u00e9rocit\u00e9, tel est le cas du Maroc, l\u2019on peut, \u00e0 partir d\u2019un taux situ\u00e9 entre 0,7 et 0,9, commencer la lev\u00e9e du confinement sanitaire.<\/p>\n<p>Cette r\u00e9partition est \u00e9galement louable dans la mesure o\u00f9 elle permet une comp\u00e9titivit\u00e9 positive entre les diff\u00e9rentes provinces afin que celles relevant de la zone II fassent plus d\u2019efforts pour b\u00e9n\u00e9ficier des m\u00eames mesures d\u2019assouplissement de la zone I, tandis que cette derni\u00e8re devra t\u00e2cher de pr\u00e9server ses acquis pour ne pas tomber dans la deuxi\u00e8me zone.<\/p>\n<p>Par ailleurs, il faudrait, \u00e0 mon avis, aller plus loin que cela en appliquant ce m\u00eame plan sur les quartiers des villes comme Casablanca, Rabat ou Sal\u00e9, etc., en maintenant le confinement sanitaire et les restrictions qui vont avec dans les quartiers o\u00f9 il y a des foyers de contamination et en les all\u00e9geant dans ceux o\u00f9 les cas d\u2019infection sont nuls.<\/p>\n<p class=\"has-text-color has-vivid-red-color\"><strong>Selon vous, quels sont les grands d\u00e9fis entourant l\u2019\u00e9tape actuelle?<\/strong><\/p>\n<p>L\u2019actuelle \u00e9tape est tr\u00e8s importante et la prochaine sera d\u00e9cisive et sensible. Ceci dit, nous devons traverser la pr\u00e9sente \u00e9tape avec succ\u00e8s comme nous l\u2019avons fait durant celle qui l\u2019a pr\u00e9c\u00e9d\u00e9e.\u00a0 La pr\u00e9sente \u00e9tape consiste \u00e9galement \u00e0 \u00e9radiquer la maladie en atteignant le R0 nul et n\u2019enregistrer plus de cas actifs ou de nouvelles contaminations.<\/p>\n<p>La relance de l\u2019\u00e9conomie nationale devra aussi s\u2019effectuer avec restriction et contr\u00f4le et pr\u00e9venir la future \u00e9tape, en apprenant les bons gestes qui deviendront une tradition dans notre vie quotidienne et qui consistent \u00e0 respecter la distance de s\u00e9curit\u00e9, le port du masque et les r\u00e8gles d\u2019hygi\u00e8ne, surtout dans les lieux ferm\u00e9s o\u00f9 le taux d\u2019infection est 4 \u00e0 10 fois plus grand, contrairement aux espaces ouverts o\u00f9 celui-ci est tr\u00e8s faible.<\/p>\n<p class=\"has-text-color has-vivid-red-color\"><strong>Quels sont les crit\u00e8res \u00e0 prendre en compte pour une lev\u00e9e totale du confinement sanitaire?<\/strong><\/p>\n<p>Les chiffres enregistr\u00e9s jusque-l\u00e0 au Maroc permettent, en effet, de lever le confinement sanitaire. Cependant, afin d\u2019\u00e9viter les r\u00e9percussions qui pourraient \u00eatre graves, le Royaume a veill\u00e9 \u00e0 ce que la sant\u00e9 du citoyen vient avant toute chose, quoique le R0 au Maroc est situ\u00e9 \u00e0 moins de 0,7 et que la lev\u00e9e du confinement sanitaire est tol\u00e9rable \u00e0 partir d\u2019un taux en dessous de 0,9.<\/p>\n<p>La d\u00e9cision des minist\u00e8res de l\u2019Int\u00e9rieur et de la Sant\u00e9 de regrouper les cas actifs Covid-19 et les futurs cas positifs d\u00e9pist\u00e9s au sein de deux structures sanitaires sp\u00e9cialis\u00e9es, localis\u00e9es \u00e0 Benslimane et Benguerir est aussi tr\u00e8s importante dans la mesure o\u00f9 elle permet de reprendre les activit\u00e9s hospitali\u00e8res et sanitaires essentielles et limite consid\u00e9rablement la propagation du virus.<\/p>\n<p>Auteur: M&rsquo;hammed rahal<br \/>\n<a href=\"http:\/\/albayane.press.ma\/%EF%BB%BFdeconfinement-la-presente-etape-consiste-a-eradiquer-la-maladie-en-atteignant-le-r0-nul.html\">Cliquez ici pour lire l&rsquo;article depuis sa source.<\/a><\/p>\n","protected":false},"excerpt":{"rendered":"<p>Trois questions \u00e0 Jamal Idrissi Bouzidi, pneumo-allergologue Saad Bouzrou (MAP) Voici trois questions au pneumo-allergologue Jamal Idrissi Bouzidi qui revient, dans un entretien accord\u00e9 \u00e0 la MAP, sur les crit\u00e8res sanitaires retenus pour la mise en place du plan d\u2019all\u00e8gement du confinement, les grands d\u00e9fis de l\u2019\u00e9tape actuelle et les crit\u00e8res \u00e0 prendre en compte [&hellip;]<\/p>\n","protected":false},"author":1760,"featured_media":0,"comment_status":"closed","ping_status":"closed","sticky":false,"template":"","format":"standard","meta":{"fifu_image_url":"","fifu_image_alt":"","footnotes":""},"categories":[73,54],"tags":[],"class_list":["post-89349","post","type-post","status-publish","format-standard","hentry","category-actualite","category-maroc"],"_links":{"self":[{"href":"https:\/\/linitiative.ca\/International\/wp-json\/wp\/v2\/posts\/89349","targetHints":{"allow":["GET"]}}],"collection":[{"href":"https:\/\/linitiative.ca\/International\/wp-json\/wp\/v2\/posts"}],"about":[{"href":"https:\/\/linitiative.ca\/International\/wp-json\/wp\/v2\/types\/post"}],"author":[{"embeddable":true,"href":"https:\/\/linitiative.ca\/International\/wp-json\/wp\/v2\/users\/1760"}],"replies":[{"embeddable":true,"href":"https:\/\/linitiative.ca\/International\/wp-json\/wp\/v2\/comments?post=89349"}],"version-history":[{"count":0,"href":"https:\/\/linitiative.ca\/International\/wp-json\/wp\/v2\/posts\/89349\/revisions"}],"wp:attachment":[{"href":"https:\/\/linitiative.ca\/International\/wp-json\/wp\/v2\/media?parent=89349"}],"wp:term":[{"taxonomy":"category","embeddable":true,"href":"https:\/\/linitiative.ca\/International\/wp-json\/wp\/v2\/categories?post=89349"},{"taxonomy":"post_tag","embeddable":true,"href":"https:\/\/linitiative.ca\/International\/wp-json\/wp\/v2\/tags?post=89349"}],"curies":[{"name":"wp","href":"https:\/\/api.w.org\/{rel}","templated":true}]}}