{"id":89350,"date":"2020-06-17T13:36:12","date_gmt":"2020-06-17T17:36:12","guid":{"rendered":"https:\/\/linitiative.ca\/International\/apolitisme-et-technocratie-meme-combat\/"},"modified":"2020-06-17T13:36:12","modified_gmt":"2020-06-17T17:36:12","slug":"apolitisme-et-technocratie-meme-combat","status":"publish","type":"post","link":"https:\/\/linitiative.ca\/International\/apolitisme-et-technocratie-meme-combat\/","title":{"rendered":"Apolitisme et Technocratie, m\u00eame combat!"},"content":{"rendered":"<p class=\"c2\"><strong>par Mustapha LABRAIMI<\/strong><\/p>\n<p class=\"has-text-color c3\"><strong>Apr\u00e8s un arr\u00eat presque total des activit\u00e9s, suite \u00e0 l\u2019\u00e9pid\u00e9mie, et les difficult\u00e9s qui en d\u00e9coulent\u00a0; apr\u00e8s que de nombreux \u00abg\u00eanes\u00bb soient apparues dans la soci\u00e9t\u00e9 laissant voir l\u2019\u00e9tendue de la pr\u00e9carit\u00e9 et de la pauvret\u00e9\u00a0; au moment o\u00f9 la sortie du tunnel de la crise multiforme est envisageable, le politique ne semble pas \u00abavoir la main\u00bb.<\/strong><\/p>\n<p>La politique, sous tous ses aspects, est d\u00e9consid\u00e9r\u00e9e. L\u2019incompr\u00e9hension est presque totale entre une partie de la population et la grande majorit\u00e9 des acteurs politiques. Une seule exception qui confirme la r\u00e9alit\u00e9, celle de l\u2019institution monarchique qui tient la barre en haut dans un champ politique de plus en plus appauvri.<\/p>\n<p>Chez certains esprits, le politique est mal aim\u00e9 et le reste\u00a0; malgr\u00e9 des efforts av\u00e9r\u00e9s et remarqu\u00e9s pour dissiper ce qui semble \u00eatre plus qu\u2019un malentendu. Paradoxalement, en innovant dans sa communication et en actant ses propositions, le politique appara\u00eet comme un poisson en dehors de l\u2019eau. De l\u2019agitation qui n\u2019arrive pas \u00e0 le sauver de l\u2019asphyxie. Tout est de sa faute et ses agissements sont calculs et opportunisme. Ce qui donne aux moins hardis des politiques une raison pour se taire et se \u00abterrer\u00bb dans l\u2019attentisme.<\/p>\n<p>Ce constat n\u2019est pas un indicateur de performance de notre soci\u00e9t\u00e9 ni un indice de bonne sant\u00e9 du processus d\u00e9mocratique. Il r\u00e9v\u00e8le une mauvaise appr\u00e9ciation de la situation g\u00e9n\u00e9rale de notre soci\u00e9t\u00e9 et une certaine d\u00e9motivation pour am\u00e9liorer son \u00e9volution et sa transformation vers le mieux.<\/p>\n<p>De prime abord, et sans nier ni minimiser les efforts des intellectuels engag\u00e9s et patriotes dans l\u2019\u00e9volution sociopolitique nationale, il est \u00e9vident que leur adh\u00e9sion \u00e0 l\u2019action politique organis\u00e9e et partisane est moins apparente \u00e0 l\u2019heure actuelle pour le moins que l\u2019on puisse dire. C\u2019est l\u00e0 aussi une victoire de l\u2019apolitisme qui, avec l\u2019abstention, mine la consolidation du processus d\u00e9mocratique.<\/p>\n<p>L\u2019incapacit\u00e9 de formuler des propositions adapt\u00e9es pour le changement et la sortie de crise rend rigides les plus \u00e2g\u00e9s, parmi la population, et les immobilise sur une action politique tribunitienne et revendicative. Le fixisme politique est \u00e9rig\u00e9 en principe. Les d\u00e9ficiences dues aux in\u00e9galit\u00e9s sociales et les disparit\u00e9s spatiales qui s\u2019exacerbent chaque jour davantage par les pratiques n\u00e9olib\u00e9rales, les dysfonctionnements dans la gouvernance et la faiblesse du corps social \u00e0 r\u00e9agir, particuli\u00e8rement lors des op\u00e9rations \u00e9lectorales, constituent la source de l\u2019argumentaire de ces \u00abrefuzniks\u00bb de toute autre solution que celles pr\u00e9conis\u00e9es dans un contexte o\u00f9 la confrontation pr\u00e9dominait sur la recherche du consensus.<\/p>\n<p>Le regard maintenu sur le r\u00e9troviseur par nostalgie et l\u2019apologie de l\u2019engagement volontaire et d\u00e9sint\u00e9ress\u00e9 pour la bonne cause, maintiennent ces forces vives dans la formulation sans aller plus loin dans la mobilisation, l\u2019organisation et l\u2019ouverture sur \u00ab le sang nouveau \u00bb. G\u00e9n\u00e9ralement, leur conviction, forg\u00e9e dans le cadre d\u2019une hi\u00e9rarchie centralis\u00e9e, inhibe l\u2019initiative, la spontan\u00e9it\u00e9 et la reconnaissance de l\u2019autre. Il faut faire \u00abses preuves\u00bb dans l\u2019abn\u00e9gation et le d\u00e9vouement pour m\u00e9riter une ascension organisationnelle et la confiance de ses pairs. Pour ces caciques, les inimiti\u00e9s \u00e9tablies sont dures \u00e0 d\u00e9passer m\u00eame si de bons rapports sont affich\u00e9s. Ces hi\u00e9rarques constituent les dignitaires qui n\u2019h\u00e9sitent pas \u00e0 se transformer en gardiens du temple devant les assauts des r\u00e9novateurs.<\/p>\n<p>La r\u00e9novation au sein du champ politique national dans son ensemble n\u2019a jamais \u00e9t\u00e9 simple. Elle est g\u00e9n\u00e9ralement pr\u00e9par\u00e9e avec une attention particuli\u00e8re car son \u00e9chec conduit \u00e0 des scissions, toujours malheureuses. L\u2019\u00e9parpillement des forces politiques est toujours un handicap pour mener \u00e0 bien les t\u00e2ches qui incombent dans une \u00e9tape historique d\u00e9termin\u00e9e. Les exemples sont encore vivants dans la conscience des acteurs politiques et leurs cons\u00e9quences induisent des d\u00e9marches qui ne peuvent \u00eatre comprises que par celles et ceux qui en connaissent les soubassements.<\/p>\n<p>Des malentendus historiques, une alternance retard\u00e9e, des d\u00e9missions pour manifester un d\u00e9saccord sans l\u2019exprimer publiquement, l\u2019organisation de tendances \u00ab pour rester dans la voie \u00bb des premiers leaders, un exode\u00a0 en r\u00e9ponse \u00e0 \u00abvaste est la terre d\u2019Allah\u00bb, un exil volontaire, un retrait des affaires voire un ostracisme, un rejet ou un retournement de veste\u2026<\/p>\n<p>Dans ce cadre, les jeunes comptent sur la redistribution des fonctions politiques pour s\u2019imposer. C\u2019est ce qui appara\u00eet le plus lors de la tenue des congr\u00e8s statutaires qui se trouvent marqu\u00e9s par des \u00abexc\u00e8s\u00bb, dans la dur\u00e9e et dans le nombre, lors de la composition des instances dirigeantes. La ligne politique est en g\u00e9n\u00e9ral adoub\u00e9e sans trop de difficult\u00e9s.<\/p>\n<p>Depuis quelques ann\u00e9es d\u00e9j\u00e0, l\u2019acc\u00e8s \u00e0 la gestion des affaires publiques a permis aussi le recrutement de repr\u00e9sentants de la population au sein des diverses institutions de la gouvernance. L\u2019am\u00e9lioration des services administratifs, la r\u00e9ponse \u00e0 certaines attentes de la population et l\u2019interm\u00e9diation aupr\u00e8s des diff\u00e9rents corps de l\u2019administration devenaient des crit\u00e8res incontournables pour le renforcement de l\u2019organisation partisane. La politique se \u00abprofessionnalisait\u00bb en quelque sorte et le \u00absang nouveau\u00bb n\u2019\u00e9tait pas toujours en conformit\u00e9 politique et comportementale avec l\u2019\u00e9tiquette d\u2019appellation d\u2019origine.<\/p>\n<p>Cette pression \u00e9lectoraliste n\u00e9cessaire pour agir concr\u00e8tement dans le sens de l\u2019histoire faisait avaler des couleuvres traitresses par le nombre de voix acquis. La place des id\u00e9es devenait restreinte par rapport \u00e0 celle prise par la r\u00e9alisation des r\u00e9sultats \u00e9lectoraux corollaires au d\u00e9roulement du processus d\u00e9mocratique et le fonctionnement des institutions. C\u2018est l\u00e0 aussi un obstacle au recrutement de jeunes partisans dont le seul apport seraient leur enthousiasme et \u00abl\u2019eau ti\u00e8de\u00bb d\u00e9j\u00e0 d\u00e9couverte. Incapables de percer la carapace de l\u2019organisation partisane, ils se trouvent dans le \u00abvinaigre\u00bb de l\u2019apolitisme avec toutes ses d\u00e9rives.<\/p>\n<p>Faut-il rappeler qu\u2019il a fallu des ann\u00e9es de lutte pour que la constitution reconnaisse dans ses dispositions le r\u00f4le des partis politiques dans la gestion des affaires publiques et dans l\u2019exercice du pouvoir. Cette avanc\u00e9e ne peut se faire occulter par la critique, \u00e0 tort ou \u00e0 raison, d\u2019une exp\u00e9rience dans la transition d\u00e9mocratique. Ne laissons pas les \u00abSans Appartenance Politique\u00bb ravir le terrain qui leur a \u00e9t\u00e9 repris par le combat d\u00e9mocratique.<\/p>\n<p>Auteur: M&rsquo;hammed rahal<br \/>\n<a href=\"http:\/\/albayane.press.ma\/apolitisme-et-technocratie-meme-combat.html\">Cliquez ici pour lire l&rsquo;article depuis sa source.<\/a><\/p>\n","protected":false},"excerpt":{"rendered":"<p>par Mustapha LABRAIMI Apr\u00e8s un arr\u00eat presque total des activit\u00e9s, suite \u00e0 l\u2019\u00e9pid\u00e9mie, et les difficult\u00e9s qui en d\u00e9coulent\u00a0; apr\u00e8s que de nombreux \u00abg\u00eanes\u00bb soient apparues dans la soci\u00e9t\u00e9 laissant voir l\u2019\u00e9tendue de la pr\u00e9carit\u00e9 et de la pauvret\u00e9\u00a0; au moment o\u00f9 la sortie du tunnel de la crise multiforme est envisageable, le politique ne [&hellip;]<\/p>\n","protected":false},"author":1760,"featured_media":0,"comment_status":"closed","ping_status":"closed","sticky":false,"template":"","format":"standard","meta":{"fifu_image_url":"","fifu_image_alt":"","footnotes":""},"categories":[73,54],"tags":[],"class_list":["post-89350","post","type-post","status-publish","format-standard","hentry","category-actualite","category-maroc"],"_links":{"self":[{"href":"https:\/\/linitiative.ca\/International\/wp-json\/wp\/v2\/posts\/89350","targetHints":{"allow":["GET"]}}],"collection":[{"href":"https:\/\/linitiative.ca\/International\/wp-json\/wp\/v2\/posts"}],"about":[{"href":"https:\/\/linitiative.ca\/International\/wp-json\/wp\/v2\/types\/post"}],"author":[{"embeddable":true,"href":"https:\/\/linitiative.ca\/International\/wp-json\/wp\/v2\/users\/1760"}],"replies":[{"embeddable":true,"href":"https:\/\/linitiative.ca\/International\/wp-json\/wp\/v2\/comments?post=89350"}],"version-history":[{"count":0,"href":"https:\/\/linitiative.ca\/International\/wp-json\/wp\/v2\/posts\/89350\/revisions"}],"wp:attachment":[{"href":"https:\/\/linitiative.ca\/International\/wp-json\/wp\/v2\/media?parent=89350"}],"wp:term":[{"taxonomy":"category","embeddable":true,"href":"https:\/\/linitiative.ca\/International\/wp-json\/wp\/v2\/categories?post=89350"},{"taxonomy":"post_tag","embeddable":true,"href":"https:\/\/linitiative.ca\/International\/wp-json\/wp\/v2\/tags?post=89350"}],"curies":[{"name":"wp","href":"https:\/\/api.w.org\/{rel}","templated":true}]}}