{"id":89352,"date":"2020-06-18T08:41:20","date_gmt":"2020-06-18T12:41:20","guid":{"rendered":"https:\/\/linitiative.ca\/International\/magistrature-14eme-congres-de-lamt-les-4-et-5-juillet\/"},"modified":"2020-06-18T08:41:20","modified_gmt":"2020-06-18T12:41:20","slug":"magistrature-14eme-congres-de-lamt-les-4-et-5-juillet","status":"publish","type":"post","link":"https:\/\/linitiative.ca\/International\/magistrature-14eme-congres-de-lamt-les-4-et-5-juillet\/","title":{"rendered":"Magistrature : 14\u00e8me congr\u00e8s de l\u2019AMT les 4 et 5 juillet"},"content":{"rendered":"<p>L\u2019Association des magistrats tunisiens (AMT) annonce la tenue de son congr\u00e8s les 4 et 5 juillet prochain \u00e0 Monastir, sous le slogan \u00bb Parach\u00e8vement de l\u2019instauration d\u2019une magistrature ind\u00e9pendante \u00ab .<\/p>\n<p>Selon un communiqu\u00e9 de l\u2019AMT, l\u2019ordre du jour comprend la lecture, la discussion et l\u2019approbation des rapports moral et financier, l\u2019\u00e9lection du pr\u00e9sident, des deux vice-pr\u00e9sidents et des membres des commissions charg\u00e9es de l\u2019\u00e9laboration des motions.<\/p>\n<p>Le congr\u00e8s permettra \u00e9galement, le 5 juillet 2020, l\u2019\u00e9lection des membres du bureau ex\u00e9cutif de l\u2019AMT pour le mandat (2020-2023). Ces \u00e9lections se d\u00e9rouleront en un seul tour de scrutin par le vote \u00e0 bulletin secret et personnel, pr\u00e9cise la m\u00eame source.<\/p>\n<p>Peut se porter candidat au bureau ex\u00e9cutif, tout magistrat exer\u00e7ant la profession depuis au moins deux ans et \u00e9tant membre adh\u00e9rent de l\u2019AMT ayant d\u00e9clar\u00e9 ses biens.<\/p>\n<p>A noter que le 14\u00e8me congr\u00e8s \u00e9tait pr\u00e9vu pour les 14 et 15 mars dernier, mais l\u2019association avait d\u00e9cid\u00e9 de le reporter en raison de la pand\u00e9mie Covid-19.<\/p>\n<div class=\"wp-post-author-wrap wp-post-author-shortcode left\">\n<h3 class=\"awpa-title\"\/>\n<div class=\"wp-post-author\">\n<div class=\"awpa-img awpa-author-block square\"><a href=\"http:\/\/lexpertjournal.net\/fr\/?author=5\"><img loading=\"lazy\" decoding=\"async\" alt=\"\" src=\"http:\/\/0.gravatar.com\/avatar\/97f8e10a1c1125ba104a76514ee07b16?s=150&amp;d=mm&amp;r=g\" srcset=\"http:\/\/0.gravatar.com\/avatar\/97f8e10a1c1125ba104a76514ee07b16?s=300&amp;d=mm&amp;r=g 2x\" class=\"avatar avatar-150 photo\" height=\"150\" width=\"150\"\/><\/a><\/div>\n<\/div>\n<\/div>\n<aside class=\"mashsb-container mashsb-main mashsb-stretched\">\n<\/aside>\n<p>Auteur: L&rsquo;expert<br \/>\n<a href=\"http:\/\/lexpertjournal.net\/fr\/?p=15308\">Cliquez ici pour lire l&rsquo;article depuis sa source.<\/a><\/p>\n","protected":false},"excerpt":{"rendered":"<p>L\u2019Association des magistrats tunisiens (AMT) annonce la tenue de son congr\u00e8s les 4 et 5 juillet prochain \u00e0 Monastir, sous le slogan \u00bb Parach\u00e8vement de l\u2019instauration d\u2019une magistrature ind\u00e9pendante \u00ab . Selon un communiqu\u00e9 de l\u2019AMT, l\u2019ordre du jour comprend la lecture, la discussion et l\u2019approbation des rapports moral et financier, l\u2019\u00e9lection du pr\u00e9sident, des [&hellip;]<\/p>\n","protected":false},"author":1775,"featured_media":0,"comment_status":"closed","ping_status":"closed","sticky":false,"template":"","format":"standard","meta":{"fifu_image_url":"","fifu_image_alt":"","footnotes":""},"categories":[78,55],"tags":[],"class_list":["post-89352","post","type-post","status-publish","format-standard","hentry","category-economie","category-tunisie"],"_links":{"self":[{"href":"https:\/\/linitiative.ca\/International\/wp-json\/wp\/v2\/posts\/89352","targetHints":{"allow":["GET"]}}],"collection":[{"href":"https:\/\/linitiative.ca\/International\/wp-json\/wp\/v2\/posts"}],"about":[{"href":"https:\/\/linitiative.ca\/International\/wp-json\/wp\/v2\/types\/post"}],"author":[{"embeddable":true,"href":"https:\/\/linitiative.ca\/International\/wp-json\/wp\/v2\/users\/1775"}],"replies":[{"embeddable":true,"href":"https:\/\/linitiative.ca\/International\/wp-json\/wp\/v2\/comments?post=89352"}],"version-history":[{"count":0,"href":"https:\/\/linitiative.ca\/International\/wp-json\/wp\/v2\/posts\/89352\/revisions"}],"wp:attachment":[{"href":"https:\/\/linitiative.ca\/International\/wp-json\/wp\/v2\/media?parent=89352"}],"wp:term":[{"taxonomy":"category","embeddable":true,"href":"https:\/\/linitiative.ca\/International\/wp-json\/wp\/v2\/categories?post=89352"},{"taxonomy":"post_tag","embeddable":true,"href":"https:\/\/linitiative.ca\/International\/wp-json\/wp\/v2\/tags?post=89352"}],"curies":[{"name":"wp","href":"https:\/\/api.w.org\/{rel}","templated":true}]}}