{"id":89354,"date":"2020-06-18T08:46:49","date_gmt":"2020-06-18T12:46:49","guid":{"rendered":"https:\/\/linitiative.ca\/International\/promesse-delyes-fakhfakh-le-gouvernement-oeuvrera-a-lamelioration-du-climat-dinvestissement\/"},"modified":"2020-06-18T08:46:49","modified_gmt":"2020-06-18T12:46:49","slug":"promesse-delyes-fakhfakh-le-gouvernement-oeuvrera-a-lamelioration-du-climat-dinvestissement","status":"publish","type":"post","link":"https:\/\/linitiative.ca\/International\/promesse-delyes-fakhfakh-le-gouvernement-oeuvrera-a-lamelioration-du-climat-dinvestissement\/","title":{"rendered":"Promesse d\u2019Ely\u00e8s Fakhfakh : Le gouvernement \u0153uvrera \u00e0 l\u2019am\u00e9lioration du climat d\u2019investissement"},"content":{"rendered":"<p>Le gouvernement \u0153uvrera \u00e0 am\u00e9liorer le climat d\u2019investissement et \u00e0 simplifier les proc\u00e9dures administratives \u00e0 travers la num\u00e9risation et l\u2019acc\u00e9l\u00e9ration des proc\u00e9dures a d\u00e9clar\u00e9 le Chef du gouvernement Ely\u00e8s Fakhfakh<\/p>\n<p>Il a ajout\u00e9 au cours de sa rencontre, mercredi, avec une d\u00e9l\u00e9gation de repr\u00e9sentants des entreprises \u00e9trang\u00e8res implant\u00e9es en Tunisie, que le gouvernement \u0153uvrera \u00e0 am\u00e9liorer \u00e9galement l\u2019infrastructure, afin de d\u00e9velopper l\u2019indice de transparence et renforcer la confiance entre les acteurs \u00e9conomiques en Tunisie.<\/p>\n<p>Fakhfakh a rappel\u00e9 que le gouvernement s\u2019appr\u00eate \u00e0 annoncer et lancer la mise en \u0153uvre du plan de sauvetage \u00e9conomique dans le cadre de la gestion des r\u00e9percussions \u00e9conomiques et sociales apr\u00e8s la crise de Covid-19 et garantir la reprise \u00e9conomique et le lancement de grandes r\u00e9formes.<\/p>\n<p>La rencontre a d\u00e9battu des propositions et des opportunit\u00e9s permettant d\u2019impulser la productivit\u00e9 des entreprises, le rythme de l\u2019investissement et la pr\u00e9servation des postes d\u2019emploi.<\/p>\n<p>Elle a permis d\u2019examiner les pr\u00e9occupations des investisseurs des principaux secteurs \u00e9conomiques pour sortir de la crise de la pand\u00e9mie Covid-19 et limiter ses r\u00e9percussions sur les entreprises tunisiennes et \u00e9trang\u00e8res.<\/p>\n<div class=\"wp-post-author-wrap wp-post-author-shortcode left\">\n<h3 class=\"awpa-title\"\/>\n<div class=\"wp-post-author\">\n<div class=\"awpa-img awpa-author-block square\"><a href=\"http:\/\/lexpertjournal.net\/fr\/?author=5\"><img loading=\"lazy\" decoding=\"async\" alt=\"\" src=\"http:\/\/0.gravatar.com\/avatar\/97f8e10a1c1125ba104a76514ee07b16?s=150&amp;d=mm&amp;r=g\" srcset=\"http:\/\/0.gravatar.com\/avatar\/97f8e10a1c1125ba104a76514ee07b16?s=300&amp;d=mm&amp;r=g 2x\" class=\"avatar avatar-150 photo\" height=\"150\" width=\"150\"\/><\/a><\/div>\n<\/div>\n<\/div>\n<aside class=\"mashsb-container mashsb-main mashsb-stretched\">\n<\/aside>\n<p>Auteur: L&rsquo;expert<br \/>\n<a href=\"http:\/\/lexpertjournal.net\/fr\/?p=15314\">Cliquez ici pour lire l&rsquo;article depuis sa source.<\/a><\/p>\n","protected":false},"excerpt":{"rendered":"<p>Le gouvernement \u0153uvrera \u00e0 am\u00e9liorer le climat d\u2019investissement et \u00e0 simplifier les proc\u00e9dures administratives \u00e0 travers la num\u00e9risation et l\u2019acc\u00e9l\u00e9ration des proc\u00e9dures a d\u00e9clar\u00e9 le Chef du gouvernement Ely\u00e8s Fakhfakh Il a ajout\u00e9 au cours de sa rencontre, mercredi, avec une d\u00e9l\u00e9gation de repr\u00e9sentants des entreprises \u00e9trang\u00e8res implant\u00e9es en Tunisie, que le gouvernement \u0153uvrera \u00e0 [&hellip;]<\/p>\n","protected":false},"author":1775,"featured_media":0,"comment_status":"closed","ping_status":"closed","sticky":false,"template":"","format":"standard","meta":{"fifu_image_url":"","fifu_image_alt":"","footnotes":""},"categories":[78,55],"tags":[],"class_list":["post-89354","post","type-post","status-publish","format-standard","hentry","category-economie","category-tunisie"],"_links":{"self":[{"href":"https:\/\/linitiative.ca\/International\/wp-json\/wp\/v2\/posts\/89354","targetHints":{"allow":["GET"]}}],"collection":[{"href":"https:\/\/linitiative.ca\/International\/wp-json\/wp\/v2\/posts"}],"about":[{"href":"https:\/\/linitiative.ca\/International\/wp-json\/wp\/v2\/types\/post"}],"author":[{"embeddable":true,"href":"https:\/\/linitiative.ca\/International\/wp-json\/wp\/v2\/users\/1775"}],"replies":[{"embeddable":true,"href":"https:\/\/linitiative.ca\/International\/wp-json\/wp\/v2\/comments?post=89354"}],"version-history":[{"count":0,"href":"https:\/\/linitiative.ca\/International\/wp-json\/wp\/v2\/posts\/89354\/revisions"}],"wp:attachment":[{"href":"https:\/\/linitiative.ca\/International\/wp-json\/wp\/v2\/media?parent=89354"}],"wp:term":[{"taxonomy":"category","embeddable":true,"href":"https:\/\/linitiative.ca\/International\/wp-json\/wp\/v2\/categories?post=89354"},{"taxonomy":"post_tag","embeddable":true,"href":"https:\/\/linitiative.ca\/International\/wp-json\/wp\/v2\/tags?post=89354"}],"curies":[{"name":"wp","href":"https:\/\/api.w.org\/{rel}","templated":true}]}}