{"id":89356,"date":"2020-06-18T08:52:20","date_gmt":"2020-06-18T12:52:20","guid":{"rendered":"https:\/\/linitiative.ca\/International\/approuvee-par-le-ministere-des-finances-restitution-de-la-tva-des-entreprises-dune-valeur-de-504-md\/"},"modified":"2020-06-18T08:52:20","modified_gmt":"2020-06-18T12:52:20","slug":"approuvee-par-le-ministere-des-finances-restitution-de-la-tva-des-entreprises-dune-valeur-de-504-md","status":"publish","type":"post","link":"https:\/\/linitiative.ca\/International\/approuvee-par-le-ministere-des-finances-restitution-de-la-tva-des-entreprises-dune-valeur-de-504-md\/","title":{"rendered":"Approuv\u00e9e par le minist\u00e8re des Finances : Restitution de la TVA des entreprises d\u2019une valeur de 504 MD"},"content":{"rendered":"<p>Entre le 26 mars et le 05 juin 2020, le minist\u00e8re des finances a donn\u00e9 son accord pour des op\u00e9rations de restitution de la TVA des entreprises repr\u00e9sentant pr\u00e8s de 504 millions de dinars, soit le m\u00eame montant transf\u00e9r\u00e9 en 2019. La direction g\u00e9n\u00e9rale du fisc afin de concr\u00e9tiser la d\u00e9cision de restitution de la TVA provenant de l\u2019exploitation, sans pour autant exiger le d\u00e9lai continu des 6 mois, a d\u00e9clar\u00e9 le charg\u00e9 de mission aupr\u00e8s du ministre finances Mohamed Wahada. Intervenant lors d\u2019une conf\u00e9rence de presse consacr\u00e9e \u00e0 la pr\u00e9sentation des efforts du minist\u00e8re visant \u00e0 lutter contre les impacts de la pand\u00e9mie du Covid-19, il a ajout\u00e9 que les d\u00e9lais de d\u00e9p\u00f4t de l\u2019imp\u00f4t sur les entreprises a \u00e9t\u00e9 report\u00e9 \u00e0 fin mai 2020 \u00e0 l\u2019exception des soci\u00e9t\u00e9s soumises au r\u00e9gime des 35%. Il a, \u00e9galement, rappel\u00e9 que son d\u00e9partement a arr\u00eat\u00e9 toutes op\u00e9rations de contr\u00f4le et de recouvrement, outre le report de toutes les dates des r\u00e9visions fiscale et les d\u00e9lais d\u2019opposition \u00e0 fin mai 2020. Le responsable a, dans le m\u00eame cadre, \u00e9voqu\u00e9 la cr\u00e9ation de la commission de suivi des dossiers fiscaux au niveau du minist\u00e8re qui a examin\u00e9 des dossiers repr\u00e9sentant une enveloppe de 50 millions de dinars. Il ya lieu de souligner que les soci\u00e9t\u00e9s impact\u00e9es pourront b\u00e9n\u00e9ficier d\u2019un r\u00e9\u00e9chelonnement de leurs dettes fiscales sur une p\u00e9riode pouvant aller \u00e0 7 ans aussit\u00f4t la d\u00e9cision du ministre publi\u00e9e au JORT. Une commission d\u2019encadrement a \u00e9t\u00e9 mise en place, a indiqu\u00e9 le responsable, ajoutant que cette structure sera charg\u00e9e d\u2019examiner les demandes des entreprises impact\u00e9es et qui ont envoy\u00e9 leurs demandes via la plateforme \u00e9lectronique.<\/p>\n<div class=\"wp-post-author-wrap wp-post-author-shortcode left\">\n<h3 class=\"awpa-title\"\/>\n<div class=\"wp-post-author\">\n<div class=\"awpa-img awpa-author-block square\"><a href=\"http:\/\/lexpertjournal.net\/fr\/?author=5\"><img loading=\"lazy\" decoding=\"async\" alt=\"\" src=\"http:\/\/0.gravatar.com\/avatar\/97f8e10a1c1125ba104a76514ee07b16?s=150&amp;d=mm&amp;r=g\" srcset=\"http:\/\/0.gravatar.com\/avatar\/97f8e10a1c1125ba104a76514ee07b16?s=300&amp;d=mm&amp;r=g 2x\" class=\"avatar avatar-150 photo\" height=\"150\" width=\"150\"\/><\/a><\/div>\n<\/div>\n<\/div>\n<aside class=\"mashsb-container mashsb-main mashsb-stretched\">\n<\/aside>\n<p>Auteur: L&rsquo;expert<br \/>\n<a href=\"http:\/\/lexpertjournal.net\/fr\/?p=15320\">Cliquez ici pour lire l&rsquo;article depuis sa source.<\/a><\/p>\n","protected":false},"excerpt":{"rendered":"<p>Entre le 26 mars et le 05 juin 2020, le minist\u00e8re des finances a donn\u00e9 son accord pour des op\u00e9rations de restitution de la TVA des entreprises repr\u00e9sentant pr\u00e8s de 504 millions de dinars, soit le m\u00eame montant transf\u00e9r\u00e9 en 2019. La direction g\u00e9n\u00e9rale du fisc afin de concr\u00e9tiser la d\u00e9cision de restitution de la [&hellip;]<\/p>\n","protected":false},"author":1775,"featured_media":0,"comment_status":"closed","ping_status":"closed","sticky":false,"template":"","format":"standard","meta":{"fifu_image_url":"","fifu_image_alt":"","footnotes":""},"categories":[78,55],"tags":[],"class_list":["post-89356","post","type-post","status-publish","format-standard","hentry","category-economie","category-tunisie"],"_links":{"self":[{"href":"https:\/\/linitiative.ca\/International\/wp-json\/wp\/v2\/posts\/89356","targetHints":{"allow":["GET"]}}],"collection":[{"href":"https:\/\/linitiative.ca\/International\/wp-json\/wp\/v2\/posts"}],"about":[{"href":"https:\/\/linitiative.ca\/International\/wp-json\/wp\/v2\/types\/post"}],"author":[{"embeddable":true,"href":"https:\/\/linitiative.ca\/International\/wp-json\/wp\/v2\/users\/1775"}],"replies":[{"embeddable":true,"href":"https:\/\/linitiative.ca\/International\/wp-json\/wp\/v2\/comments?post=89356"}],"version-history":[{"count":0,"href":"https:\/\/linitiative.ca\/International\/wp-json\/wp\/v2\/posts\/89356\/revisions"}],"wp:attachment":[{"href":"https:\/\/linitiative.ca\/International\/wp-json\/wp\/v2\/media?parent=89356"}],"wp:term":[{"taxonomy":"category","embeddable":true,"href":"https:\/\/linitiative.ca\/International\/wp-json\/wp\/v2\/categories?post=89356"},{"taxonomy":"post_tag","embeddable":true,"href":"https:\/\/linitiative.ca\/International\/wp-json\/wp\/v2\/tags?post=89356"}],"curies":[{"name":"wp","href":"https:\/\/api.w.org\/{rel}","templated":true}]}}