{"id":89361,"date":"2020-06-18T08:06:00","date_gmt":"2020-06-18T12:06:00","guid":{"rendered":"https:\/\/linitiative.ca\/International\/lamenakol-de-lahhagar-appelle-la-population-de-tamnrasset-a-la-vigilance\/"},"modified":"2020-06-18T08:06:00","modified_gmt":"2020-06-18T12:06:00","slug":"lamenakol-de-lahhagar-appelle-la-population-de-tamnrasset-a-la-vigilance","status":"publish","type":"post","link":"https:\/\/linitiative.ca\/International\/lamenakol-de-lahhagar-appelle-la-population-de-tamnrasset-a-la-vigilance\/","title":{"rendered":"l&rsquo;Amenakol de l&rsquo;Ahhagar appelle la population de Tamnrasset \u00e0 la vigilance"},"content":{"rendered":"<div id=\"originalText\" readability=\"50\">\n<p>L&rsquo;Amenokal de l&rsquo;Ahhagar, Ahmed Edaber, a d\u00e9menti, ce jeudi, tout propos qui lui\u00a0serait attribu\u00e9, \u00e9tant donn\u00e9 \u00ab\u00a0les appels provenant de parties inconnues pour semer la zizanie parmi la population\u00a0\u00e0 travers des chaines TV \u00e9trang\u00e8res et des entit\u00e9s douteuses\u00a0\u00bb, poussant \u00e0 \u00ab\u00a0des manifestations et des actes de vandalisme\u00a0\u00bb, apr\u00e8s les \u00e9v\u00e9nements survenus mardi \u00e0 Tin Zaouatine, une localit\u00e9 \u00e0 la fronti\u00e8re alg\u00e9ro-malienne.\u00a0<\/p>\n<p>L&rsquo;Amenokal de l&rsquo;Ahhagar fait \u00e9galement porter la \u00ab\u00a0responsabilit\u00e9 p\u00e9nale\u00a0\u00bb \u00e0 toute personne utilisant son nom ou sa photo dans des publications sur les r\u00e9seaux sociaux, et appelle la population de Tamanresset, notamment les habitants des zones frontali\u00e8res \u00e0 \u00ab\u00a0faire preuve de vigilance\u00a0\u00bb et \u00e0 mettre en \u00e9chec les \u00ab\u00a0vis\u00e9es malintentionn\u00e9es\u00a0\u00bb.\u00a0<\/p>\n<p class=\"c6\"><strong>R\u00e9daction Web\u00a0<\/strong><\/p>\n<\/div>\n<div id=\"text_core\" readability=\"50\">\n<p>L&rsquo;Amenokal de l&rsquo;Ahhagar, Ahmed Edaber, a d\u00e9menti, ce jeudi, tout propos qui lui\u00a0serait attribu\u00e9, \u00e9tant donn\u00e9 \u00ab\u00a0les appels provenant de parties inconnues pour semer la zizanie parmi la population\u00a0\u00e0 travers des chaines TV \u00e9trang\u00e8res et des entit\u00e9s douteuses\u00a0\u00bb, poussant \u00e0 \u00ab\u00a0des manifestations et des actes de vandalisme\u00a0\u00bb, apr\u00e8s les \u00e9v\u00e9nements survenus mardi \u00e0 Tin Zaouatine, une localit\u00e9 \u00e0 la fronti\u00e8re alg\u00e9ro-malienne.\u00a0<\/p>\n<p>L&rsquo;Amenokal de l&rsquo;Ahhagar fait \u00e9galement porter la \u00ab\u00a0responsabilit\u00e9 p\u00e9nale\u00a0\u00bb \u00e0 toute personne utilisant son nom ou sa photo dans des publications sur les r\u00e9seaux sociaux, et appelle la population de Tamanresset, notamment les habitants des zones frontali\u00e8res \u00e0 \u00ab\u00a0faire preuve de vigilance\u00a0\u00bb et \u00e0 mettre en \u00e9chec les \u00ab\u00a0vis\u00e9es malintentionn\u00e9es\u00a0\u00bb.\u00a0<\/p>\n<p class=\"c6\"><strong>R\u00e9daction Web\u00a0<\/strong><\/p>\n<\/div>\n<p>Auteur:<br \/>\n<a href=\"https:\/\/www.liberte-algerie.com\/actualite\/lamenakol-de-lahhagar-appelle-la-population-de-tamnrasset-a-la-vigilance-340522\">Cliquez ici pour lire l&rsquo;article depuis sa source.<\/a><\/p>\n","protected":false},"excerpt":{"rendered":"<p>L&rsquo;Amenokal de l&rsquo;Ahhagar, Ahmed Edaber, a d\u00e9menti, ce jeudi, tout propos qui lui\u00a0serait attribu\u00e9, \u00e9tant donn\u00e9 \u00ab\u00a0les appels provenant de parties inconnues pour semer la zizanie parmi la population\u00a0\u00e0 travers des chaines TV \u00e9trang\u00e8res et des entit\u00e9s douteuses\u00a0\u00bb, poussant \u00e0 \u00ab\u00a0des manifestations et des actes de vandalisme\u00a0\u00bb, apr\u00e8s les \u00e9v\u00e9nements survenus mardi \u00e0 Tin Zaouatine, [&hellip;]<\/p>\n","protected":false},"author":1742,"featured_media":0,"comment_status":"closed","ping_status":"closed","sticky":false,"template":"","format":"standard","meta":{"fifu_image_url":"","fifu_image_alt":"","footnotes":""},"categories":[73,53],"tags":[],"class_list":["post-89361","post","type-post","status-publish","format-standard","hentry","category-actualite","category-algerie"],"_links":{"self":[{"href":"https:\/\/linitiative.ca\/International\/wp-json\/wp\/v2\/posts\/89361","targetHints":{"allow":["GET"]}}],"collection":[{"href":"https:\/\/linitiative.ca\/International\/wp-json\/wp\/v2\/posts"}],"about":[{"href":"https:\/\/linitiative.ca\/International\/wp-json\/wp\/v2\/types\/post"}],"author":[{"embeddable":true,"href":"https:\/\/linitiative.ca\/International\/wp-json\/wp\/v2\/users\/1742"}],"replies":[{"embeddable":true,"href":"https:\/\/linitiative.ca\/International\/wp-json\/wp\/v2\/comments?post=89361"}],"version-history":[{"count":0,"href":"https:\/\/linitiative.ca\/International\/wp-json\/wp\/v2\/posts\/89361\/revisions"}],"wp:attachment":[{"href":"https:\/\/linitiative.ca\/International\/wp-json\/wp\/v2\/media?parent=89361"}],"wp:term":[{"taxonomy":"category","embeddable":true,"href":"https:\/\/linitiative.ca\/International\/wp-json\/wp\/v2\/categories?post=89361"},{"taxonomy":"post_tag","embeddable":true,"href":"https:\/\/linitiative.ca\/International\/wp-json\/wp\/v2\/tags?post=89361"}],"curies":[{"name":"wp","href":"https:\/\/api.w.org\/{rel}","templated":true}]}}