{"id":89371,"date":"2020-06-18T05:11:36","date_gmt":"2020-06-18T09:11:36","guid":{"rendered":"https:\/\/linitiative.ca\/International\/dattes-plus-de-91-millions-de-da-pour-la-lutte-contre-le-boufaroua-et-le-myelois\/"},"modified":"2020-06-18T05:11:36","modified_gmt":"2020-06-18T09:11:36","slug":"dattes-plus-de-91-millions-de-da-pour-la-lutte-contre-le-boufaroua-et-le-myelois","status":"publish","type":"post","link":"https:\/\/linitiative.ca\/International\/dattes-plus-de-91-millions-de-da-pour-la-lutte-contre-le-boufaroua-et-le-myelois\/","title":{"rendered":"Dattes: plus de 91 millions de DA pour la lutte contre le Boufaroua et le Myelois"},"content":{"rendered":"<div readability=\"39\">\n<p><strong>GHARDAIA &#8211; Un montant de plus de 91,56 millions DA a \u00e9t\u00e9 mobilis\u00e9 par le minist\u00e8re de l\u2019Agriculture et du D\u00e9veloppement rural, pour une op\u00e9ration de lutte pr\u00e9ventive contre les parasites du Boufaroua et du Myelois, dans les palmeraies des wilayas productrices de dattes du pays, a appris jeudi l\u2019APS aupr\u00e8s de la Station r\u00e9gionale de la protection des v\u00e9g\u00e9taux SRPV de Gharda\u00efa.<\/strong><\/p>\n<\/div>\n<div readability=\"122.76078775715\">\n<p>Cette op\u00e9ration pr\u00e9ventive de lutte contre ces parasites, au titre de la campagne 2020, touchera 4.128.800 palmiers dattiers productifs des wilayas d\u2019Adrar (200.000), Bechar (180.000), Biskra (1.250,000) El-Bayadh (20.000), El Oued (1.250.000), Gharda\u00efa (330.000), Illizi (29.000), Ouargla (635.000), Tamanrasset (180.000), Tindouf (45.000) et Khenchela (9.000), a pr\u00e9cis\u00e9 le directeur de la SRPV, Hocine Bahriz.<\/p>\n<blockquote readability=\"11\">\n<p><em><strong>Initi\u00e9e annuellement dans le cadre du fond de la promotion zoo-sanitaire et de la protection phytosanitaire (FZPP), l\u2019op\u00e9ration s\u2019inscrit dans la cadre d\u2019une strat\u00e9gie nationale visant \u00e0 prot\u00e9ger le palmier dattier des maladies et ravageurs nuisibles, afin d\u2019am\u00e9liorer la production et la qualit\u00e9 des dattes alg\u00e9riennes ainsi que la pr\u00e9servation du palmier, a-t-il expliqu\u00e9.<\/strong><\/em><\/p>\n<\/blockquote>\n<p>Elle sera encadr\u00e9e par des \u00e9quipes des diff\u00e9rentes stations r\u00e9gionale de l\u2019Institut National de protection des v\u00e9g\u00e9taux (INPV), \u00e0 savoir les SRPV de Ghardaia, Adrar, Bechar et Biskra ainsi que la base d\u2019Illizi, apr\u00e8s des tourn\u00e9es de prospection et d\u2019\u00e9valuation de la situation phytosanitaire dans diff\u00e9rentes palmeraies des wilayas productrices de dattes.<\/p>\n<p>Le traitement sera, quant \u00e0 lui, effectu\u00e9 par, outre les services de l\u2019INPV, les agriculteurs et micro-entreprises de jeunes sp\u00e9cialis\u00e9es cr\u00e9\u00e9es via le dispositif d\u2019emploi des jeunes, a fait savoir le m\u00eame responsable.<\/p>\n<p>Des \u00e9quipements n\u00e9cessaires, dont des camions et autres v\u00e9hicules \u00e9quip\u00e9s en moyens techniques, ont \u00e9t\u00e9 mobilis\u00e9s pour cette action pr\u00e9ventive supervis\u00e9e par l\u2019INPV, en coordination avec les DSA et les ph\u0153niciculteurs des diff\u00e9rentes wilayas productrices.<\/p>\n<blockquote readability=\"12\">\n<p><em><strong>Un dispositif de surveillance et de veille contre le Boufaroua du palmier dattier a \u00e9t\u00e9 mis en place dans les diff\u00e9rentes wilayas productrice, avec la collaboration des Services agricoles, afin de d\u00e9tecter pr\u00e9cocement les premi\u00e8res activit\u00e9s de cet acarien sur les dattes, selon\u00a0 le m\u00eame responsable, soulignant que les traitements seront entam\u00e9s d\u00e8s que les conditions bio\u00e9cologiques seront favorables.<\/strong><\/em><\/p>\n<\/blockquote>\n<p>Socle fondamental de l\u2019Agronomie oasienne, le patrimoine ph\u0153nicicole national, qui compte plus de 20 millions de palmiers, dont pr\u00e8s de 12 millions productifs, offre une multitude de vari\u00e9t\u00e9s connues de par le monde, notamment les esp\u00e8ces nobles telles que Deglet-Nour, Ghers, Bent-K\u2019bala et Timjouhart, et permet de p\u00e9renniser l\u2019\u00e9cosyst\u00e8me et l\u2019environnement des populations soumises aux al\u00e9as naturels et climatiques.<\/p>\n<hr\/>\n<p><strong>Lire aussi:<\/strong>\u00a0<a href=\"\/proxy\/3e04cd68\/http\/www.aps.dz\/regions\/58183-sud-plus-de-85-millions-da-pour-la-campagne-de-lutte-contre-le-boufaroua-et-le-myelois\">Sud: plus de 85 millions DA pour la campagne de lutte contre le Boufaroua et le Myelois<\/a><\/p>\n<hr\/>\n<p>Pour cela, les pouvoirs publics accordent une attention particuli\u00e8re \u00e0 la fili\u00e8re ph\u0153nicicole source de revenus pour de nombreuses familles du sud, en am\u00e9liorant la qualit\u00e9 et la productivit\u00e9 des dattes par des op\u00e9rations de r\u00e9habilitation et de densification des palmeraies ainsi que la formation des agriculteurs.<\/p>\n<p>Des cycles de formations apport\u00e9es en amont de la fili\u00e8re et l\u2019am\u00e9lioration des techniques de conduite permettront d\u2019am\u00e9liorer de fa\u00e7on notable les quantit\u00e9s et la qualit\u00e9 de dattes produites afin de rendre la datte Alg\u00e9rienne comp\u00e9titive sur le march\u00e9 international, a indiqu\u00e9 de son c\u00f4t\u00e9 un ing\u00e9nieur de la DSA de Gharda\u00efa.<\/p>\n<blockquote readability=\"11\">\n<p><em><strong>Le Boufaroua et le Myelois sont des vers qui tissent autour d\u2019un r\u00e9gime de dattes une toile semblable \u00e0 celle de l\u2019araign\u00e9e, et rongent le fruit et \u00e9touffent le palmier, causant une baisse sensible de sa productivit\u00e9 et de la qualit\u00e9 de son fruit, selon les ing\u00e9nieurs agronomes sp\u00e9cialistes de Gharda\u00efa.<\/strong><\/em><\/p>\n<\/blockquote>\n<p>La wilaya de Gharda\u00efa, qui compte pr\u00e8s de 1,3 million de palmiers dattiers dont 1.115.446 productifs, esp\u00e8re r\u00e9aliser cette saison une bonne r\u00e9colte estim\u00e9e \u00e0 590.000 quintaux, qui reste tributaire des conditions climatiques favorables, du suivi phytosanitaire et du traitement pr\u00e9ventif contre les maladies pr\u00e9cit\u00e9es, selon les services agricoles.<\/p>\n<\/div>\n<p>Auteur:<br \/>\n<a href=\"http:\/\/www.aps.dz\/regions\/106356-dattes-plus-de-91-millions-de-da-pour-la-lutte-contre-le-boufaroua-et-le-myelois\">Cliquez ici pour lire l&rsquo;article depuis sa source.<\/a><\/p>\n","protected":false},"excerpt":{"rendered":"<p>GHARDAIA &#8211; Un montant de plus de 91,56 millions DA a \u00e9t\u00e9 mobilis\u00e9 par le minist\u00e8re de l\u2019Agriculture et du D\u00e9veloppement rural, pour une op\u00e9ration de lutte pr\u00e9ventive contre les parasites du Boufaroua et du Myelois, dans les palmeraies des wilayas productrices de dattes du pays, a appris jeudi l\u2019APS aupr\u00e8s de la Station r\u00e9gionale [&hellip;]<\/p>\n","protected":false},"author":1790,"featured_media":0,"comment_status":"closed","ping_status":"closed","sticky":false,"template":"","format":"standard","meta":{"fifu_image_url":"","fifu_image_alt":"","footnotes":""},"categories":[53,76],"tags":[],"class_list":["post-89371","post","type-post","status-publish","format-standard","hentry","category-algerie","category-regions"],"_links":{"self":[{"href":"https:\/\/linitiative.ca\/International\/wp-json\/wp\/v2\/posts\/89371","targetHints":{"allow":["GET"]}}],"collection":[{"href":"https:\/\/linitiative.ca\/International\/wp-json\/wp\/v2\/posts"}],"about":[{"href":"https:\/\/linitiative.ca\/International\/wp-json\/wp\/v2\/types\/post"}],"author":[{"embeddable":true,"href":"https:\/\/linitiative.ca\/International\/wp-json\/wp\/v2\/users\/1790"}],"replies":[{"embeddable":true,"href":"https:\/\/linitiative.ca\/International\/wp-json\/wp\/v2\/comments?post=89371"}],"version-history":[{"count":0,"href":"https:\/\/linitiative.ca\/International\/wp-json\/wp\/v2\/posts\/89371\/revisions"}],"wp:attachment":[{"href":"https:\/\/linitiative.ca\/International\/wp-json\/wp\/v2\/media?parent=89371"}],"wp:term":[{"taxonomy":"category","embeddable":true,"href":"https:\/\/linitiative.ca\/International\/wp-json\/wp\/v2\/categories?post=89371"},{"taxonomy":"post_tag","embeddable":true,"href":"https:\/\/linitiative.ca\/International\/wp-json\/wp\/v2\/tags?post=89371"}],"curies":[{"name":"wp","href":"https:\/\/api.w.org\/{rel}","templated":true}]}}