{"id":89372,"date":"2020-06-18T07:51:02","date_gmt":"2020-06-18T11:51:02","guid":{"rendered":"https:\/\/linitiative.ca\/International\/alimentation-en-eau-potable-suspension-dans-5-communes-dalger-a-partir-de-ce-samedi\/"},"modified":"2020-06-18T07:51:02","modified_gmt":"2020-06-18T11:51:02","slug":"alimentation-en-eau-potable-suspension-dans-5-communes-dalger-a-partir-de-ce-samedi","status":"publish","type":"post","link":"https:\/\/linitiative.ca\/International\/alimentation-en-eau-potable-suspension-dans-5-communes-dalger-a-partir-de-ce-samedi\/","title":{"rendered":"Alimentation en eau potable: suspension dans 5 communes d&rsquo;Alger \u00e0 partir de ce samedi"},"content":{"rendered":"<div readability=\"40\">\n<p><strong>ALGER) &#8211; Une suspension de l&rsquo;alimentation en eau potable impactera, \u00e0 partir de samedi jusqu&rsquo;\u00e0 lundi prochain, 5 communes d&rsquo;Alger en raison des travaux de r\u00e9paration d&rsquo;un \u00e9coulement tr\u00e8s important provenant d&rsquo;une conduite principale de production, a-t-on appris, jeudi, de la Soci\u00e9t\u00e9 des eaux et de l&rsquo;assainissement d&rsquo;Alger (SEAAL).<\/strong><\/p>\n<\/div>\n<div readability=\"96.5\">\n<p>Cette suspension concernera les communes de Oued Koriche, Bab El Oued, Bologhine et Alger Centre, et ce \u00ab\u00a0\u00e0 partir de samedi 20 juin \u00e0 23h00 jusqu&rsquo;\u00e0 lundi 22 juin 2020 \u00e0 23h00\u00a0\u00bb, en raison de l&rsquo;infiltration des eaux dans certaines habitations situ\u00e9es en contrebas du chemin des 7 Merveilles<\/p>\n<blockquote readability=\"9\">\n<p><em><strong>dans la wilaya d&rsquo;Alger suite \u00e0 un \u00e9coulement tr\u00e8s important provenant de l&rsquo;une des conduites principales de production, ce qui a n\u00e9cessit\u00e9 l&rsquo;intervention urgente des \u00e9quipes de SEAAL pour proc\u00e9der \u00e0 la r\u00e9paration de la conduite, pr\u00e9cise la m\u00eame source.<\/strong><\/em><\/p>\n<\/blockquote>\n<p>L&rsquo;intervention des \u00e9quipes de SEAAL se d\u00e9roulera en deux \u00e9tapes. La premi\u00e8re \u00e9tape qui d\u00e9butera le samedi 20 juin 2020 \u00e0 partir de 23h00 et qui durera 24h, consiste \u00e0 r\u00e9aliser les travaux de r\u00e9paration de cette conduite.<\/p>\n<p>La seconde \u00e9tape, qui d\u00e9butera juste apr\u00e8s la fin des travaux, pr\u00e9vus le dimanche 21 juin 2020 \u00e0 23h00, durera aussi 24h jusqu&rsquo;\u00e0 lundi 22 juin 2020 \u00e0 23h00 et consiste au remplissage des r\u00e9servoirs et \u00e0 la mise en pression des r\u00e9seaux de distribution.<\/p>\n<blockquote readability=\"16\">\n<p><em><strong>La SEAAL informe ses clients que cette suspension touchera les quartiers des communes suivantes: Commune de Oued Koriche (cit\u00e9 Djenane Hacene, cit\u00e9 64 logements, Climat de France, quartier Fontaine Fra\u00eeche, quartier Diar El Kef, quartier Tarek Ibn Ziad, quartier Skoto Nadal et la partie basse de Frais Vallon). Commune de Bab El Oued (boulevard Colonel Lotfi, rue Rabah Bissas, rue Abdelkader Abdoune et boulevard Said Touat).<\/strong><\/em><\/p>\n<\/blockquote>\n<p>Il s&rsquo;agit \u00e9galement de la commune de la Casbah (boulevard Mohamed Taleb, MDN, H\u00f4pital Ait Idir et rue Docteur Bentami), de la commune de Bologhine (chemin Dazey, rue Akli Rahem, Ahmed Ouail, rue Mahdi Bentoumert et rue Arezki Yacef) et de la commune d&rsquo;Alger centre (Quartiers des fr\u00e8res<\/p>\n<p>Bellili, Abdelaziz Mouzaoui, fr\u00e8res Benacer, Sfindja, Ain Zeboudja, la Perlier, Frantz Fanon, chemin des 7 Merveilles, Yahia Feradi, chemin Pouyane, 118 rue Krim Belkacem, H\u00f4tel Aurassi, cit\u00e9 des Fonctionnaires, chemin Sidi Brahim, chemin Aknouche et l&rsquo;immeuble A\u00e9ro-habitat).<\/p>\n<blockquote readability=\"7\">\n<p><em><strong>La SEAAL pr\u00e9cise \u00e0 ses clients impact\u00e9s que la remise en service de l&rsquo;alimentation en eau potable au niveau de ces quartiers se fera progressivement durant la nuit du lundi 22 juin 2020 \u00e0 mardi 23 juin 2020 et se stabilisera totalement durant la journ\u00e9e du mardi 23 juin 2020.<\/strong><\/em><\/p>\n<\/blockquote>\n<p>Elle met en place un dispositif de camions-citernes afin d&rsquo;assurer les usages prioritaires (Etablissements publics et hospitaliers).<\/p>\n<p>Pour toute information, SEAAL met \u00e0 la disposition de ses clients le num\u00e9ro de son centre d&rsquo;accueil t\u00e9l\u00e9phonique op\u00e9rationnel 1594 accessible 7j\/7 et 24h\/24.<\/p>\n<\/div>\n<p>Auteur:<br \/>\n<a href=\"http:\/\/www.aps.dz\/regions\/106362-alimentation-en-eau-potable-suspension-dans-5-communes-d-alger-a-partir-de-ce-samedi\">Cliquez ici pour lire l&rsquo;article depuis sa source.<\/a><\/p>\n","protected":false},"excerpt":{"rendered":"<p>ALGER) &#8211; Une suspension de l&rsquo;alimentation en eau potable impactera, \u00e0 partir de samedi jusqu&rsquo;\u00e0 lundi prochain, 5 communes d&rsquo;Alger en raison des travaux de r\u00e9paration d&rsquo;un \u00e9coulement tr\u00e8s important provenant d&rsquo;une conduite principale de production, a-t-on appris, jeudi, de la Soci\u00e9t\u00e9 des eaux et de l&rsquo;assainissement d&rsquo;Alger (SEAAL). Cette suspension concernera les communes de [&hellip;]<\/p>\n","protected":false},"author":1790,"featured_media":0,"comment_status":"closed","ping_status":"closed","sticky":false,"template":"","format":"standard","meta":{"fifu_image_url":"","fifu_image_alt":"","footnotes":""},"categories":[53,76],"tags":[],"class_list":["post-89372","post","type-post","status-publish","format-standard","hentry","category-algerie","category-regions"],"_links":{"self":[{"href":"https:\/\/linitiative.ca\/International\/wp-json\/wp\/v2\/posts\/89372","targetHints":{"allow":["GET"]}}],"collection":[{"href":"https:\/\/linitiative.ca\/International\/wp-json\/wp\/v2\/posts"}],"about":[{"href":"https:\/\/linitiative.ca\/International\/wp-json\/wp\/v2\/types\/post"}],"author":[{"embeddable":true,"href":"https:\/\/linitiative.ca\/International\/wp-json\/wp\/v2\/users\/1790"}],"replies":[{"embeddable":true,"href":"https:\/\/linitiative.ca\/International\/wp-json\/wp\/v2\/comments?post=89372"}],"version-history":[{"count":0,"href":"https:\/\/linitiative.ca\/International\/wp-json\/wp\/v2\/posts\/89372\/revisions"}],"wp:attachment":[{"href":"https:\/\/linitiative.ca\/International\/wp-json\/wp\/v2\/media?parent=89372"}],"wp:term":[{"taxonomy":"category","embeddable":true,"href":"https:\/\/linitiative.ca\/International\/wp-json\/wp\/v2\/categories?post=89372"},{"taxonomy":"post_tag","embeddable":true,"href":"https:\/\/linitiative.ca\/International\/wp-json\/wp\/v2\/tags?post=89372"}],"curies":[{"name":"wp","href":"https:\/\/api.w.org\/{rel}","templated":true}]}}