{"id":89377,"date":"2020-06-18T10:02:46","date_gmt":"2020-06-18T14:02:46","guid":{"rendered":"https:\/\/linitiative.ca\/International\/un-projet-pour-ancrer-la-culture-de-la-protection-de-lenvironnement\/"},"modified":"2020-06-18T10:02:46","modified_gmt":"2020-06-18T14:02:46","slug":"un-projet-pour-ancrer-la-culture-de-la-protection-de-lenvironnement","status":"publish","type":"post","link":"https:\/\/linitiative.ca\/International\/un-projet-pour-ancrer-la-culture-de-la-protection-de-lenvironnement\/","title":{"rendered":"Un projet pour ancrer la culture de la protection de l\u2019environnement"},"content":{"rendered":"<p class=\"c4\">\u00ab\u00a0Ensemble pour le droit \u00e0 un environnement durable\u00a0\u00bb, tel est l\u2019intitul\u00e9 d\u2019un projet que vient de lancer \u00e0 Berkane l\u2019association Infitah pour le d\u00e9veloppement et l\u2019environnement.<\/p>\n<p class=\"c4\">Ce projet s\u2019inscrit dans le cadre du Programme d\u2019appui \u00e0 la soci\u00e9t\u00e9 civile \u00ab\u00a0Moucharaka Mouwatina\u00a0\u00bb, financ\u00e9 par l\u2019Union europ\u00e9enne et mis en \u0153uvre par le Bureau des Nations Unies pour les services d\u2019appui aux projets (UNOPS), pr\u00e9cise l\u2019association dans un communiqu\u00e9.<\/p>\n<p class=\"c4\">Le principal objectif de ce projet est de contribuer \u00e0 la protection et la cons\u00e9cration du droit des jeunes \u00e0 vivre dans un environnement sain et \u00e9quilibr\u00e9 tant \u00e0 l\u2019int\u00e9rieur qu\u2019\u00e0 l\u2019ext\u00e9rieur des \u00e9tablissements scolaires.<\/p>\n<p class=\"c4\">Plusieurs activit\u00e9s sont programm\u00e9es dans le cadre de cette initiative, \u00e0 savoir l\u2019organisation d\u2019une s\u00e9rie de sessions de sensibilisation et de formation au profit de quelque 120 lyc\u00e9ens et autant de lyc\u00e9ennes autour du cadre r\u00e9f\u00e9rentiel et l\u00e9gislatif national r\u00e9gissant le domaine de l\u2019environnement et du d\u00e9veloppement durable.<\/p>\n<p class=\"c4\">Il s\u2019agit aussi de l\u2019encadrement d\u2019une trentaine de jeunes, des deux sexes, pour qu\u2019ils puissent mener des activit\u00e9s b\u00e9n\u00e9voles dans des \u00e9tablissements scolaires de la ville de Berkane avec pour finalit\u00e9 la pr\u00e9servation de l\u2019environnement.<\/p>\n<p class=\"c4\">Le communiqu\u00e9 qui met aussi l\u2019accent sur la participation de 20 jeunes \u00e0 l\u2019\u00e9laboration et la formulation de recommandations qui seront soumises aux autorit\u00e9s comp\u00e9tentes, fait savoir que les activit\u00e9s retenues seront r\u00e9alis\u00e9es avant la fin de l\u2019ann\u00e9e en cours.<\/p>\n<p class=\"c4\">De l\u2019avis de ses promoteurs, ce projet est de nature \u00e0 contribuer \u00e0 la cons\u00e9cration de la culture de protection de l\u2019environnement aupr\u00e8s des jeunes, et leur sensibilisation au cadre juridique national r\u00e9gissant l\u2019environnement et le d\u00e9veloppement durable afin de participer \u00e0 la lutte contre la d\u00e9gradation de l\u2019environnement sous l\u2019effet des activit\u00e9s humaines.<\/p>\n<p>Auteur: Soufiane ELAHMAR<br \/>\n<a href=\"http:\/\/www.mapoujda.ma\/fr\/un-projet-pour-ancrer-la-culture-de-la-protection-de-lenvironnement\/\">Cliquez ici pour lire l&rsquo;article depuis sa source.<\/a><\/p>\n","protected":false},"excerpt":{"rendered":"<p>\u00ab\u00a0Ensemble pour le droit \u00e0 un environnement durable\u00a0\u00bb, tel est l\u2019intitul\u00e9 d\u2019un projet que vient de lancer \u00e0 Berkane l\u2019association Infitah pour le d\u00e9veloppement et l\u2019environnement. Ce projet s\u2019inscrit dans le cadre du Programme d\u2019appui \u00e0 la soci\u00e9t\u00e9 civile \u00ab\u00a0Moucharaka Mouwatina\u00a0\u00bb, financ\u00e9 par l\u2019Union europ\u00e9enne et mis en \u0153uvre par le Bureau des Nations Unies [&hellip;]<\/p>\n","protected":false},"author":1788,"featured_media":0,"comment_status":"closed","ping_status":"closed","sticky":false,"template":"","format":"standard","meta":{"fifu_image_url":"","fifu_image_alt":"","footnotes":""},"categories":[54,76],"tags":[],"class_list":["post-89377","post","type-post","status-publish","format-standard","hentry","category-maroc","category-regions"],"_links":{"self":[{"href":"https:\/\/linitiative.ca\/International\/wp-json\/wp\/v2\/posts\/89377","targetHints":{"allow":["GET"]}}],"collection":[{"href":"https:\/\/linitiative.ca\/International\/wp-json\/wp\/v2\/posts"}],"about":[{"href":"https:\/\/linitiative.ca\/International\/wp-json\/wp\/v2\/types\/post"}],"author":[{"embeddable":true,"href":"https:\/\/linitiative.ca\/International\/wp-json\/wp\/v2\/users\/1788"}],"replies":[{"embeddable":true,"href":"https:\/\/linitiative.ca\/International\/wp-json\/wp\/v2\/comments?post=89377"}],"version-history":[{"count":0,"href":"https:\/\/linitiative.ca\/International\/wp-json\/wp\/v2\/posts\/89377\/revisions"}],"wp:attachment":[{"href":"https:\/\/linitiative.ca\/International\/wp-json\/wp\/v2\/media?parent=89377"}],"wp:term":[{"taxonomy":"category","embeddable":true,"href":"https:\/\/linitiative.ca\/International\/wp-json\/wp\/v2\/categories?post=89377"},{"taxonomy":"post_tag","embeddable":true,"href":"https:\/\/linitiative.ca\/International\/wp-json\/wp\/v2\/tags?post=89377"}],"curies":[{"name":"wp","href":"https:\/\/api.w.org\/{rel}","templated":true}]}}