{"id":89378,"date":"2020-06-17T14:55:48","date_gmt":"2020-06-17T18:55:48","guid":{"rendered":"https:\/\/linitiative.ca\/International\/limpact-du-capital-investissement-sur-la-fiscalite\/"},"modified":"2020-06-17T14:55:48","modified_gmt":"2020-06-17T18:55:48","slug":"limpact-du-capital-investissement-sur-la-fiscalite","status":"publish","type":"post","link":"https:\/\/linitiative.ca\/International\/limpact-du-capital-investissement-sur-la-fiscalite\/","title":{"rendered":"L\u2019impact du capital investissement sur la fiscalit\u00e9"},"content":{"rendered":"<div class=\"body\">\n<div class=\"field field-name-body field-type-text-with-summary field-label-hidden\">\n<div class=\"field-items\" readability=\"11\">\n<div class=\"field-item even\" property=\"content:encoded\" readability=\"17\">\n<p class=\"rtejustify\">L\u2019Association Marocaine des Investisseurs en Capital (AMIC) fait son \u00e9valuation. Elle vient de r\u00e9aliser une \u00e9tude, en collaboration avec Grant Thornton, pour renseigner, chiffrer et qualifier l\u2019engagement du capital investissement marocain en faveur des enjeux environnementaux, sociaux et de bonne gouvernance (ESG) dans les soci\u00e9t\u00e9s de capital d\u2019investissement et dans les entreprises qu\u2019elles accompagnent et leur contribution fiscale de l\u2019industrie du capital investissement en faveur de l\u2019\u00e9conomie. Ainsi 20 soci\u00e9t\u00e9s de gestion repr\u00e9sentant 80% de l\u2019industrie et plus de 50% d\u2019entreprises accompagn\u00e9es par les fonds (123 soci\u00e9t\u00e9s au total employant pr\u00e8s de 41.000 personnes et g\u00e9n\u00e9rant pr\u00e8s de 31 milliards de DH de chiffre d\u2019affaires) y ont r\u00e9pondu. Il en ressort une croissance \u00abimportante\u00bb de la contribution fiscale des entreprises investies. \u00abLa progression du chiffre d\u2019affaires entre l\u2019entr\u00e9e et la sortie des fonds (ou 2019 pour les entreprises encore en portefeuille) a un impact ind\u00e9niable sur l\u2019\u00e9volution des recettes de l\u2019Etat\u00bb, pr\u00e9cise l\u2019AMIC. L\u2019association assure qu\u2019entre 2000 et 2019, la contribution fiscale des 123 entreprises qui ont particip\u00e9 \u00e0 l\u2019enqu\u00eate a augment\u00e9 de plus de 2,5 milliards de DH pour une dur\u00e9e moyenne de d\u00e9tention de 6 ans.<br \/><em>M.A.B.<\/em><\/p>\n<\/div>\n<\/div>\n<\/div>\n<\/div>\n<div class=\"eco-conseil\">\n<div class=\"view view-eco-conseil-16 view-id-eco_conseil_16 view-display-id-cookies view-dom-id-db91bbb1f7f7a1e9e470d7a331589ea2\">\n<div class=\"view-content\">\n<div id=\"views-bootstrap-grid-1\" class=\"views-bootstrap-grid-plugin-style\">\n<div class=\"row\">\n<div class=\" col-xs-12 col-lg-4\">\n<div class=\"row\">\n<div class=\"col col-xs-12 col-lg-12\">\n<div class=\"field-content\"><a href=\"\/article\/1063525-wac-vs-esperance-sportive-de-tunis-le-tribunal-arbitral-delibere\"><img loading=\"lazy\" decoding=\"async\" class=\"img-responsive\" typeof=\"foaf:Image\" src=\"https:\/\/www.leconomiste.com\/sites\/default\/files\/eco7\/public\/styles\/800x400\/public\/default_images\/default_une.jpg?itok=4jZlgnIZ\" width=\"660\" height=\"330\" alt=\"\"\/><\/a><\/div>\n<\/div>\n<div class=\" title_suite_2 col col-xs-12 col-lg-12\"> <a href=\"\/article\/1063525-wac-vs-esperance-sportive-de-tunis-le-tribunal-arbitral-delibere\"\/><span class=\"field-content\">WAC vs Esp\u00e9rance sportive de Tunis: Le tribunal arbitral d\u00e9lib\u00e8re<\/span><\/div>\n<\/div>\n<\/div>\n<div class=\" col-xs-12 col-lg-4\">\n<div class=\"row\">\n<div class=\"col col-xs-12 col-lg-12\">\n<div class=\"field-content\"><a href=\"\/article\/1063524-l-aide-de-bm-pour-le-maroc-pour-la-gestion-des-effets-du-covid-19\"><img loading=\"lazy\" decoding=\"async\" class=\"img-responsive\" typeof=\"foaf:Image\" src=\"https:\/\/www.leconomiste.com\/sites\/default\/files\/eco7\/public\/styles\/800x400\/public\/default_images\/default_une.jpg?itok=4jZlgnIZ\" width=\"660\" height=\"330\" alt=\"\"\/><\/a><\/div>\n<\/div>\n<div class=\" title_suite_2 col col-xs-12 col-lg-12\"> <a href=\"\/article\/1063524-l-aide-de-bm-pour-le-maroc-pour-la-gestion-des-effets-du-covid-19\"\/><span class=\"field-content\">L\u2019aide de BM pour le Maroc pour la gestion des effets du covid-19<\/span><\/div>\n<\/div>\n<\/div>\n<div class=\" col-xs-12 col-lg-4\">\n<div class=\"row\">\n<div class=\"col col-xs-12 col-lg-12\">\n<div class=\"field-content\"><a href=\"\/article\/1063523-registre-social-unifie-le-projet-de-loi-adopte\"><img loading=\"lazy\" decoding=\"async\" class=\"img-responsive\" typeof=\"foaf:Image\" src=\"https:\/\/www.leconomiste.com\/sites\/default\/files\/eco7\/public\/styles\/800x400\/public\/default_images\/default_une.jpg?itok=4jZlgnIZ\" width=\"660\" height=\"330\" alt=\"\"\/><\/a><\/div>\n<\/div>\n<div class=\" title_suite_2 col col-xs-12 col-lg-12\"> <a href=\"\/article\/1063523-registre-social-unifie-le-projet-de-loi-adopte\"\/><span class=\"field-content\">Registre social unifi\u00e9: Le projet de loi adopt\u00e9<\/span><\/div>\n<\/div>\n<\/div>\n<\/div>\n<\/div>\n<\/div>\n<\/div>\n<\/div>\n<p>Auteur: hlafriqi<br \/>\n<a href=\"https:\/\/www.leconomiste.com\/article\/1063521-l-impact-du-capital-investissement-sur-la-fiscalite\">Cliquez ici pour lire l&rsquo;article depuis sa source.<\/a><\/p>\n","protected":false},"excerpt":{"rendered":"<p>L\u2019Association Marocaine des Investisseurs en Capital (AMIC) fait son \u00e9valuation. Elle vient de r\u00e9aliser une \u00e9tude, en collaboration avec Grant Thornton, pour renseigner, chiffrer et qualifier l\u2019engagement du capital investissement marocain en faveur des enjeux environnementaux, sociaux et de bonne gouvernance (ESG) dans les soci\u00e9t\u00e9s de capital d\u2019investissement et dans les entreprises qu\u2019elles accompagnent et [&hellip;]<\/p>\n","protected":false},"author":1763,"featured_media":0,"comment_status":"closed","ping_status":"closed","sticky":false,"template":"","format":"standard","meta":{"fifu_image_url":"","fifu_image_alt":"","footnotes":""},"categories":[78,54],"tags":[],"class_list":["post-89378","post","type-post","status-publish","format-standard","hentry","category-economie","category-maroc"],"_links":{"self":[{"href":"https:\/\/linitiative.ca\/International\/wp-json\/wp\/v2\/posts\/89378","targetHints":{"allow":["GET"]}}],"collection":[{"href":"https:\/\/linitiative.ca\/International\/wp-json\/wp\/v2\/posts"}],"about":[{"href":"https:\/\/linitiative.ca\/International\/wp-json\/wp\/v2\/types\/post"}],"author":[{"embeddable":true,"href":"https:\/\/linitiative.ca\/International\/wp-json\/wp\/v2\/users\/1763"}],"replies":[{"embeddable":true,"href":"https:\/\/linitiative.ca\/International\/wp-json\/wp\/v2\/comments?post=89378"}],"version-history":[{"count":0,"href":"https:\/\/linitiative.ca\/International\/wp-json\/wp\/v2\/posts\/89378\/revisions"}],"wp:attachment":[{"href":"https:\/\/linitiative.ca\/International\/wp-json\/wp\/v2\/media?parent=89378"}],"wp:term":[{"taxonomy":"category","embeddable":true,"href":"https:\/\/linitiative.ca\/International\/wp-json\/wp\/v2\/categories?post=89378"},{"taxonomy":"post_tag","embeddable":true,"href":"https:\/\/linitiative.ca\/International\/wp-json\/wp\/v2\/tags?post=89378"}],"curies":[{"name":"wp","href":"https:\/\/api.w.org\/{rel}","templated":true}]}}