{"id":89379,"date":"2020-06-17T14:56:34","date_gmt":"2020-06-17T18:56:34","guid":{"rendered":"https:\/\/linitiative.ca\/International\/bac-amzazi-fait-le-point-en-conseil-du-gouvernement\/"},"modified":"2020-06-17T14:56:34","modified_gmt":"2020-06-17T18:56:34","slug":"bac-amzazi-fait-le-point-en-conseil-du-gouvernement","status":"publish","type":"post","link":"https:\/\/linitiative.ca\/International\/bac-amzazi-fait-le-point-en-conseil-du-gouvernement\/","title":{"rendered":"Bac: Amzazi fait le point en Conseil du gouvernement"},"content":{"rendered":"<div class=\"body\">\n<div class=\"field field-name-body field-type-text-with-summary field-label-hidden\">\n<div class=\"field-items\" readability=\"10\">\n<div class=\"field-item even\" property=\"content:encoded\" readability=\"15\">\n<p class=\"rtejustify\">La r\u00e9union du Conseil du gouvernement, programm\u00e9e aujourd\u2019hui jeudi, sera marqu\u00e9e par un expos\u00e9 de Saaid Amzazi, ministre de l\u2019Education nationale, sur les pr\u00e9paratifs pour la tenue des examens du baccalaur\u00e9at. L\u2019examen de deux projets de d\u00e9crets, portant notamment sur les conditions d\u2019octroi des bourses d\u2019\u00e9tudes et sur le classement des entreprises de BTP.<br \/><em>M.A.M.<\/em><\/p>\n<\/div>\n<\/div>\n<\/div>\n<\/div>\n<div class=\"eco-conseil\">\n<div class=\"view view-eco-conseil-16 view-id-eco_conseil_16 view-display-id-cookies view-dom-id-5c86dccbea3a451a9c9d9e7362c0f91c\">\n<div class=\"view-content\">\n<div id=\"views-bootstrap-grid-1\" class=\"views-bootstrap-grid-plugin-style\">\n<div class=\"row\">\n<div class=\" col-xs-12 col-lg-4\">\n<div class=\"row\">\n<div class=\"col col-xs-12 col-lg-12\">\n<div class=\"field-content\"><a href=\"\/article\/1063525-wac-vs-esperance-sportive-de-tunis-le-tribunal-arbitral-delibere\"><img loading=\"lazy\" decoding=\"async\" class=\"img-responsive\" typeof=\"foaf:Image\" src=\"https:\/\/www.leconomiste.com\/sites\/default\/files\/eco7\/public\/styles\/800x400\/public\/default_images\/default_une.jpg?itok=4jZlgnIZ\" width=\"660\" height=\"330\" alt=\"\"\/><\/a><\/div>\n<\/div>\n<div class=\" title_suite_2 col col-xs-12 col-lg-12\"> <a href=\"\/article\/1063525-wac-vs-esperance-sportive-de-tunis-le-tribunal-arbitral-delibere\"\/><span class=\"field-content\">WAC vs Esp\u00e9rance sportive de Tunis: Le tribunal arbitral d\u00e9lib\u00e8re<\/span><\/div>\n<\/div>\n<\/div>\n<div class=\" col-xs-12 col-lg-4\">\n<div class=\"row\">\n<div class=\"col col-xs-12 col-lg-12\">\n<div class=\"field-content\"><a href=\"\/article\/1063524-l-aide-de-bm-pour-le-maroc-pour-la-gestion-des-effets-du-covid-19\"><img loading=\"lazy\" decoding=\"async\" class=\"img-responsive\" typeof=\"foaf:Image\" src=\"https:\/\/www.leconomiste.com\/sites\/default\/files\/eco7\/public\/styles\/800x400\/public\/default_images\/default_une.jpg?itok=4jZlgnIZ\" width=\"660\" height=\"330\" alt=\"\"\/><\/a><\/div>\n<\/div>\n<div class=\" title_suite_2 col col-xs-12 col-lg-12\"> <a href=\"\/article\/1063524-l-aide-de-bm-pour-le-maroc-pour-la-gestion-des-effets-du-covid-19\"\/><span class=\"field-content\">L\u2019aide de BM pour le Maroc pour la gestion des effets du covid-19<\/span><\/div>\n<\/div>\n<\/div>\n<div class=\" col-xs-12 col-lg-4\">\n<div class=\"row\">\n<div class=\"col col-xs-12 col-lg-12\">\n<div class=\"field-content\"><a href=\"\/article\/1063523-registre-social-unifie-le-projet-de-loi-adopte\"><img loading=\"lazy\" decoding=\"async\" class=\"img-responsive\" typeof=\"foaf:Image\" src=\"https:\/\/www.leconomiste.com\/sites\/default\/files\/eco7\/public\/styles\/800x400\/public\/default_images\/default_une.jpg?itok=4jZlgnIZ\" width=\"660\" height=\"330\" alt=\"\"\/><\/a><\/div>\n<\/div>\n<div class=\" title_suite_2 col col-xs-12 col-lg-12\"> <a href=\"\/article\/1063523-registre-social-unifie-le-projet-de-loi-adopte\"\/><span class=\"field-content\">Registre social unifi\u00e9: Le projet de loi adopt\u00e9<\/span><\/div>\n<\/div>\n<\/div>\n<\/div>\n<\/div>\n<\/div>\n<\/div>\n<\/div>\n<p>Auteur: hlafriqi<br \/>\n<a href=\"https:\/\/www.leconomiste.com\/article\/1063522-bac-amzazi-fait-le-point-en-conseil-du-gouvernement\">Cliquez ici pour lire l&rsquo;article depuis sa source.<\/a><\/p>\n","protected":false},"excerpt":{"rendered":"<p>La r\u00e9union du Conseil du gouvernement, programm\u00e9e aujourd\u2019hui jeudi, sera marqu\u00e9e par un expos\u00e9 de Saaid Amzazi, ministre de l\u2019Education nationale, sur les pr\u00e9paratifs pour la tenue des examens du baccalaur\u00e9at. L\u2019examen de deux projets de d\u00e9crets, portant notamment sur les conditions d\u2019octroi des bourses d\u2019\u00e9tudes et sur le classement des entreprises de BTP.M.A.M. WAC [&hellip;]<\/p>\n","protected":false},"author":1763,"featured_media":0,"comment_status":"closed","ping_status":"closed","sticky":false,"template":"","format":"standard","meta":{"fifu_image_url":"","fifu_image_alt":"","footnotes":""},"categories":[78,54],"tags":[],"class_list":["post-89379","post","type-post","status-publish","format-standard","hentry","category-economie","category-maroc"],"_links":{"self":[{"href":"https:\/\/linitiative.ca\/International\/wp-json\/wp\/v2\/posts\/89379","targetHints":{"allow":["GET"]}}],"collection":[{"href":"https:\/\/linitiative.ca\/International\/wp-json\/wp\/v2\/posts"}],"about":[{"href":"https:\/\/linitiative.ca\/International\/wp-json\/wp\/v2\/types\/post"}],"author":[{"embeddable":true,"href":"https:\/\/linitiative.ca\/International\/wp-json\/wp\/v2\/users\/1763"}],"replies":[{"embeddable":true,"href":"https:\/\/linitiative.ca\/International\/wp-json\/wp\/v2\/comments?post=89379"}],"version-history":[{"count":0,"href":"https:\/\/linitiative.ca\/International\/wp-json\/wp\/v2\/posts\/89379\/revisions"}],"wp:attachment":[{"href":"https:\/\/linitiative.ca\/International\/wp-json\/wp\/v2\/media?parent=89379"}],"wp:term":[{"taxonomy":"category","embeddable":true,"href":"https:\/\/linitiative.ca\/International\/wp-json\/wp\/v2\/categories?post=89379"},{"taxonomy":"post_tag","embeddable":true,"href":"https:\/\/linitiative.ca\/International\/wp-json\/wp\/v2\/tags?post=89379"}],"curies":[{"name":"wp","href":"https:\/\/api.w.org\/{rel}","templated":true}]}}