{"id":89380,"date":"2020-06-17T14:58:02","date_gmt":"2020-06-17T18:58:02","guid":{"rendered":"https:\/\/linitiative.ca\/International\/registre-social-unifie-le-projet-de-loi-adopte\/"},"modified":"2020-06-17T14:58:02","modified_gmt":"2020-06-17T18:58:02","slug":"registre-social-unifie-le-projet-de-loi-adopte","status":"publish","type":"post","link":"https:\/\/linitiative.ca\/International\/registre-social-unifie-le-projet-de-loi-adopte\/","title":{"rendered":"Registre social unifi\u00e9: Le projet de loi adopt\u00e9"},"content":{"rendered":"<div class=\"body\">\n<div class=\"field field-name-body field-type-text-with-summary field-label-hidden\">\n<div class=\"field-items\" readability=\"8.2884615384615\">\n<div class=\"field-item even\" property=\"content:encoded\" readability=\"11.972222222222\">\n<p class=\"rtejustify\">Le projet de loi sur le syst\u00e8me de ciblage des b\u00e9n\u00e9ficiaires des aides sociales vient de passer le cap de la Chambre des conseillers. Ce texte a \u00e9t\u00e9 vot\u00e9 \u00e0 la majorit\u00e9 en s\u00e9ance pl\u00e9ni\u00e8re mardi dernier. Le projet de loi, qui sera transf\u00e9r\u00e9 \u00e0 la Chambre des repr\u00e9sentants, pr\u00e9voit la cr\u00e9ation d\u2019un Registre social unifi\u00e9, d\u2019un Registre national de la population et d\u2019une Agence nationale des registres <a href=\"https:\/\/leconomiste.com\/archive\/edition\/5779\" target=\"_blank\" rel=\"noopener noreferrer\"><span><strong><em>(voir notre \u00e9dition du 10 juin 2020)<\/em><\/strong><\/span><\/a>.<br \/><em>M.A.M.<\/em><\/p>\n<\/div>\n<\/div>\n<\/div>\n<\/div>\n<div class=\"eco-conseil\">\n<div class=\"view view-eco-conseil-16 view-id-eco_conseil_16 view-display-id-cookies view-dom-id-27c7a950629ab6864246a313e85049e3\">\n<div class=\"view-content\">\n<div id=\"views-bootstrap-grid-1\" class=\"views-bootstrap-grid-plugin-style\">\n<div class=\"row\">\n<div class=\" col-xs-12 col-lg-4\">\n<div class=\"row\">\n<div class=\"col col-xs-12 col-lg-12\">\n<div class=\"field-content\"><a href=\"\/article\/1063525-wac-vs-esperance-sportive-de-tunis-le-tribunal-arbitral-delibere\"><img loading=\"lazy\" decoding=\"async\" class=\"img-responsive\" typeof=\"foaf:Image\" src=\"https:\/\/www.leconomiste.com\/sites\/default\/files\/eco7\/public\/styles\/800x400\/public\/default_images\/default_une.jpg?itok=4jZlgnIZ\" width=\"660\" height=\"330\" alt=\"\"\/><\/a><\/div>\n<\/div>\n<div class=\" title_suite_2 col col-xs-12 col-lg-12\"> <a href=\"\/article\/1063525-wac-vs-esperance-sportive-de-tunis-le-tribunal-arbitral-delibere\"\/><span class=\"field-content\">WAC vs Esp\u00e9rance sportive de Tunis: Le tribunal arbitral d\u00e9lib\u00e8re<\/span><\/div>\n<\/div>\n<\/div>\n<div class=\" col-xs-12 col-lg-4\">\n<div class=\"row\">\n<div class=\"col col-xs-12 col-lg-12\">\n<div class=\"field-content\"><a href=\"\/article\/1063524-l-aide-de-bm-pour-le-maroc-pour-la-gestion-des-effets-du-covid-19\"><img loading=\"lazy\" decoding=\"async\" class=\"img-responsive\" typeof=\"foaf:Image\" src=\"https:\/\/www.leconomiste.com\/sites\/default\/files\/eco7\/public\/styles\/800x400\/public\/default_images\/default_une.jpg?itok=4jZlgnIZ\" width=\"660\" height=\"330\" alt=\"\"\/><\/a><\/div>\n<\/div>\n<div class=\" title_suite_2 col col-xs-12 col-lg-12\"> <a href=\"\/article\/1063524-l-aide-de-bm-pour-le-maroc-pour-la-gestion-des-effets-du-covid-19\"\/><span class=\"field-content\">L\u2019aide de BM pour le Maroc pour la gestion des effets du covid-19<\/span><\/div>\n<\/div>\n<\/div>\n<div class=\" col-xs-12 col-lg-4\">\n<div class=\"row\">\n<div class=\"col col-xs-12 col-lg-12\">\n<div class=\"field-content\"><a href=\"\/article\/1063522-bac-amzazi-fait-le-point-en-conseil-du-gouvernement\"><img loading=\"lazy\" decoding=\"async\" class=\"img-responsive\" typeof=\"foaf:Image\" src=\"https:\/\/www.leconomiste.com\/sites\/default\/files\/eco7\/public\/styles\/800x400\/public\/default_images\/default_une.jpg?itok=4jZlgnIZ\" width=\"660\" height=\"330\" alt=\"\"\/><\/a><\/div>\n<\/div>\n<div class=\" title_suite_2 col col-xs-12 col-lg-12\"> <a href=\"\/article\/1063522-bac-amzazi-fait-le-point-en-conseil-du-gouvernement\"\/><span class=\"field-content\">Bac: Amzazi fait le point en Conseil du gouvernement<\/span><\/div>\n<\/div>\n<\/div>\n<\/div>\n<\/div>\n<\/div>\n<\/div>\n<\/div>\n<p>Auteur: hlafriqi<br \/>\n<a href=\"https:\/\/www.leconomiste.com\/article\/1063523-registre-social-unifie-le-projet-de-loi-adopte\">Cliquez ici pour lire l&rsquo;article depuis sa source.<\/a><\/p>\n","protected":false},"excerpt":{"rendered":"<p>Le projet de loi sur le syst\u00e8me de ciblage des b\u00e9n\u00e9ficiaires des aides sociales vient de passer le cap de la Chambre des conseillers. Ce texte a \u00e9t\u00e9 vot\u00e9 \u00e0 la majorit\u00e9 en s\u00e9ance pl\u00e9ni\u00e8re mardi dernier. Le projet de loi, qui sera transf\u00e9r\u00e9 \u00e0 la Chambre des repr\u00e9sentants, pr\u00e9voit la cr\u00e9ation d\u2019un Registre social [&hellip;]<\/p>\n","protected":false},"author":1763,"featured_media":0,"comment_status":"closed","ping_status":"closed","sticky":false,"template":"","format":"standard","meta":{"fifu_image_url":"","fifu_image_alt":"","footnotes":""},"categories":[78,54],"tags":[],"class_list":["post-89380","post","type-post","status-publish","format-standard","hentry","category-economie","category-maroc"],"_links":{"self":[{"href":"https:\/\/linitiative.ca\/International\/wp-json\/wp\/v2\/posts\/89380","targetHints":{"allow":["GET"]}}],"collection":[{"href":"https:\/\/linitiative.ca\/International\/wp-json\/wp\/v2\/posts"}],"about":[{"href":"https:\/\/linitiative.ca\/International\/wp-json\/wp\/v2\/types\/post"}],"author":[{"embeddable":true,"href":"https:\/\/linitiative.ca\/International\/wp-json\/wp\/v2\/users\/1763"}],"replies":[{"embeddable":true,"href":"https:\/\/linitiative.ca\/International\/wp-json\/wp\/v2\/comments?post=89380"}],"version-history":[{"count":0,"href":"https:\/\/linitiative.ca\/International\/wp-json\/wp\/v2\/posts\/89380\/revisions"}],"wp:attachment":[{"href":"https:\/\/linitiative.ca\/International\/wp-json\/wp\/v2\/media?parent=89380"}],"wp:term":[{"taxonomy":"category","embeddable":true,"href":"https:\/\/linitiative.ca\/International\/wp-json\/wp\/v2\/categories?post=89380"},{"taxonomy":"post_tag","embeddable":true,"href":"https:\/\/linitiative.ca\/International\/wp-json\/wp\/v2\/tags?post=89380"}],"curies":[{"name":"wp","href":"https:\/\/api.w.org\/{rel}","templated":true}]}}