{"id":89381,"date":"2020-06-17T14:58:51","date_gmt":"2020-06-17T18:58:51","guid":{"rendered":"https:\/\/linitiative.ca\/International\/laide-de-bm-pour-le-maroc-pour-la-gestion-des-effets-du-covid-19\/"},"modified":"2020-06-17T14:58:51","modified_gmt":"2020-06-17T18:58:51","slug":"laide-de-bm-pour-le-maroc-pour-la-gestion-des-effets-du-covid-19","status":"publish","type":"post","link":"https:\/\/linitiative.ca\/International\/laide-de-bm-pour-le-maroc-pour-la-gestion-des-effets-du-covid-19\/","title":{"rendered":"L\u2019aide de BM pour le Maroc pour la gestion des effets du covid-19"},"content":{"rendered":"<div class=\"body\">\n<div class=\"field field-name-body field-type-text-with-summary field-label-hidden\">\n<div class=\"field-items\" readability=\"9.5\">\n<div class=\"field-item even\" property=\"content:encoded\" readability=\"14\">\n<p class=\"rtejustify\">La Banque mondiale va pr\u00eater 48 millions de dollars pour aider le Maroc \u00e0 g\u00e9rer les effets de la pand\u00e9mie de Covid-19 au sortir des mesures strictes de confinement. Il s\u2019agit d\u2019un financement qui s\u2019inscrit dans le cadre d\u2019un financement approuv\u00e9 en 2015 sous la forme d\u2019un programme ax\u00e9 sur les r\u00e9sultats (PforR) destin\u00e9 \u00e0 appuyer les services de sant\u00e9 primaire. La banque mondiale pr\u00e9cise qu\u2019\u00e0 travers un exercice de restructuration de projet, une enveloppe de 13,01 millions de dollars de financements non encore d\u00e9caiss\u00e9s au titre de ce programme sera compl\u00e9t\u00e9e de 35 millions de dollars suppl\u00e9mentaires allou\u00e9s par le m\u00e9canisme d\u2019aide acc\u00e9l\u00e9r\u00e9e face \u00e0 la pand\u00e9mie de Covid-19 (FTCF). \u00abCes fonds viendront soutenir la r\u00e9ponse sanitaire des pouvoirs publics en renfor\u00e7ant la pr\u00e9vention, la d\u00e9tection, la surveillance et la gestion des cas\u00bb.<br \/><em>M.A.B. <\/em><\/p>\n<\/div>\n<\/div>\n<\/div>\n<\/div>\n<div class=\"eco-conseil\">\n<div class=\"view view-eco-conseil-16 view-id-eco_conseil_16 view-display-id-cookies view-dom-id-b87cbd10db67d0bcf522f0b80339710c\">\n<div class=\"view-content\">\n<div id=\"views-bootstrap-grid-1\" class=\"views-bootstrap-grid-plugin-style\">\n<div class=\"row\">\n<div class=\" col-xs-12 col-lg-4\">\n<div class=\"row\">\n<div class=\"col col-xs-12 col-lg-12\">\n<div class=\"field-content\"><a href=\"\/article\/1063525-wac-vs-esperance-sportive-de-tunis-le-tribunal-arbitral-delibere\"><img loading=\"lazy\" decoding=\"async\" class=\"img-responsive\" typeof=\"foaf:Image\" src=\"https:\/\/www.leconomiste.com\/sites\/default\/files\/eco7\/public\/styles\/800x400\/public\/default_images\/default_une.jpg?itok=4jZlgnIZ\" width=\"660\" height=\"330\" alt=\"\"\/><\/a><\/div>\n<\/div>\n<div class=\" title_suite_2 col col-xs-12 col-lg-12\"> <a href=\"\/article\/1063525-wac-vs-esperance-sportive-de-tunis-le-tribunal-arbitral-delibere\"\/><span class=\"field-content\">WAC vs Esp\u00e9rance sportive de Tunis: Le tribunal arbitral d\u00e9lib\u00e8re<\/span><\/div>\n<\/div>\n<\/div>\n<div class=\" col-xs-12 col-lg-4\">\n<div class=\"row\">\n<div class=\"col col-xs-12 col-lg-12\">\n<div class=\"field-content\"><a href=\"\/article\/1063523-registre-social-unifie-le-projet-de-loi-adopte\"><img loading=\"lazy\" decoding=\"async\" class=\"img-responsive\" typeof=\"foaf:Image\" src=\"https:\/\/www.leconomiste.com\/sites\/default\/files\/eco7\/public\/styles\/800x400\/public\/default_images\/default_une.jpg?itok=4jZlgnIZ\" width=\"660\" height=\"330\" alt=\"\"\/><\/a><\/div>\n<\/div>\n<div class=\" title_suite_2 col col-xs-12 col-lg-12\"> <a href=\"\/article\/1063523-registre-social-unifie-le-projet-de-loi-adopte\"\/><span class=\"field-content\">Registre social unifi\u00e9: Le projet de loi adopt\u00e9<\/span><\/div>\n<\/div>\n<\/div>\n<div class=\" col-xs-12 col-lg-4\">\n<div class=\"row\">\n<div class=\"col col-xs-12 col-lg-12\">\n<div class=\"field-content\"><a href=\"\/article\/1063522-bac-amzazi-fait-le-point-en-conseil-du-gouvernement\"><img loading=\"lazy\" decoding=\"async\" class=\"img-responsive\" typeof=\"foaf:Image\" src=\"https:\/\/www.leconomiste.com\/sites\/default\/files\/eco7\/public\/styles\/800x400\/public\/default_images\/default_une.jpg?itok=4jZlgnIZ\" width=\"660\" height=\"330\" alt=\"\"\/><\/a><\/div>\n<\/div>\n<div class=\" title_suite_2 col col-xs-12 col-lg-12\"> <a href=\"\/article\/1063522-bac-amzazi-fait-le-point-en-conseil-du-gouvernement\"\/><span class=\"field-content\">Bac: Amzazi fait le point en Conseil du gouvernement<\/span><\/div>\n<\/div>\n<\/div>\n<\/div>\n<\/div>\n<\/div>\n<\/div>\n<\/div>\n<p>Auteur: hlafriqi<br \/>\n<a href=\"https:\/\/www.leconomiste.com\/article\/1063524-l-aide-de-bm-pour-le-maroc-pour-la-gestion-des-effets-du-covid-19\">Cliquez ici pour lire l&rsquo;article depuis sa source.<\/a><\/p>\n","protected":false},"excerpt":{"rendered":"<p>La Banque mondiale va pr\u00eater 48 millions de dollars pour aider le Maroc \u00e0 g\u00e9rer les effets de la pand\u00e9mie de Covid-19 au sortir des mesures strictes de confinement. Il s\u2019agit d\u2019un financement qui s\u2019inscrit dans le cadre d\u2019un financement approuv\u00e9 en 2015 sous la forme d\u2019un programme ax\u00e9 sur les r\u00e9sultats (PforR) destin\u00e9 \u00e0 [&hellip;]<\/p>\n","protected":false},"author":1763,"featured_media":0,"comment_status":"closed","ping_status":"closed","sticky":false,"template":"","format":"standard","meta":{"fifu_image_url":"","fifu_image_alt":"","footnotes":""},"categories":[78,54],"tags":[],"class_list":["post-89381","post","type-post","status-publish","format-standard","hentry","category-economie","category-maroc"],"_links":{"self":[{"href":"https:\/\/linitiative.ca\/International\/wp-json\/wp\/v2\/posts\/89381","targetHints":{"allow":["GET"]}}],"collection":[{"href":"https:\/\/linitiative.ca\/International\/wp-json\/wp\/v2\/posts"}],"about":[{"href":"https:\/\/linitiative.ca\/International\/wp-json\/wp\/v2\/types\/post"}],"author":[{"embeddable":true,"href":"https:\/\/linitiative.ca\/International\/wp-json\/wp\/v2\/users\/1763"}],"replies":[{"embeddable":true,"href":"https:\/\/linitiative.ca\/International\/wp-json\/wp\/v2\/comments?post=89381"}],"version-history":[{"count":0,"href":"https:\/\/linitiative.ca\/International\/wp-json\/wp\/v2\/posts\/89381\/revisions"}],"wp:attachment":[{"href":"https:\/\/linitiative.ca\/International\/wp-json\/wp\/v2\/media?parent=89381"}],"wp:term":[{"taxonomy":"category","embeddable":true,"href":"https:\/\/linitiative.ca\/International\/wp-json\/wp\/v2\/categories?post=89381"},{"taxonomy":"post_tag","embeddable":true,"href":"https:\/\/linitiative.ca\/International\/wp-json\/wp\/v2\/tags?post=89381"}],"curies":[{"name":"wp","href":"https:\/\/api.w.org\/{rel}","templated":true}]}}