{"id":89382,"date":"2020-06-17T15:00:13","date_gmt":"2020-06-17T19:00:13","guid":{"rendered":"https:\/\/linitiative.ca\/International\/wac-vs-esperance-sportive-de-tunis-le-tribunal-arbitral-delibere\/"},"modified":"2020-06-17T15:00:13","modified_gmt":"2020-06-17T19:00:13","slug":"wac-vs-esperance-sportive-de-tunis-le-tribunal-arbitral-delibere","status":"publish","type":"post","link":"https:\/\/linitiative.ca\/International\/wac-vs-esperance-sportive-de-tunis-le-tribunal-arbitral-delibere\/","title":{"rendered":"WAC vs Esp\u00e9rance sportive de Tunis: Le tribunal arbitral d\u00e9lib\u00e8re"},"content":{"rendered":"<div class=\"body\">\n<div class=\"field field-name-body field-type-text-with-summary field-label-hidden\">\n<div class=\"field-items\" readability=\"8.5235294117647\">\n<div class=\"field-item even\" property=\"content:encoded\" readability=\"12.311764705882\">\n<p class=\"rtejustify\">Le tribunal arbitral du sport (TAS) a mis en d\u00e9lib\u00e9r\u00e9 l\u2019affaire Wydad Athletic Club (WAC) vs L\u2019Esp\u00e9rance sportive de Tunis. L\u2019organisation de la finale de la Ligue des champions de la Conf\u00e9d\u00e9ration africaine de football est au c\u0153ur de ce contentieux <a href=\"https:\/\/leconomiste.com\/archive\/edition\/5752\" target=\"_blank\" rel=\"noopener noreferrer\"><strong><span><em>(Cf. L\u2019Economiste n\u00b05752 du 30 avril 2020)<\/em><\/span><\/strong><\/a>. L\u2019instance arbitrale bas\u00e9e en Suisse a tenu une derni\u00e8re audience le 29 mai \u00e0\u00a0 Lausanne. Elle a dur\u00e9 toute la journ\u00e9e. Les t\u00e9moins des deux clubs de foot ont \u00e9t\u00e9 entendus et les avocats ont plaid\u00e9 la cause de leurs clients respectifs. Le WAC a \u00e9t\u00e9 notamment d\u00e9fendu par l\u2019avocate Despina Mavromati. Le club casablancais revendique le titre de champion de la Ligue, la prime de 2,5 millions de dollars et des d\u00e9dommagements. La sentence sera rendue fort probablement en juillet 2020, selon une source proche du dossier.<br \/><em>F.F.<\/em><\/p>\n<\/div>\n<\/div>\n<\/div>\n<\/div>\n<div class=\"eco-conseil\">\n<div class=\"view view-eco-conseil-16 view-id-eco_conseil_16 view-display-id-cookies view-dom-id-6b8f3218217cabdba243b116948a4878\">\n<div class=\"view-content\">\n<div id=\"views-bootstrap-grid-1\" class=\"views-bootstrap-grid-plugin-style\">\n<div class=\"row\">\n<div class=\" col-xs-12 col-lg-4\">\n<div class=\"row\">\n<div class=\"col col-xs-12 col-lg-12\">\n<div class=\"field-content\"><a href=\"\/article\/1063524-l-aide-de-bm-pour-le-maroc-pour-la-gestion-des-effets-du-covid-19\"><img loading=\"lazy\" decoding=\"async\" class=\"img-responsive\" typeof=\"foaf:Image\" src=\"https:\/\/www.leconomiste.com\/sites\/default\/files\/eco7\/public\/styles\/800x400\/public\/default_images\/default_une.jpg?itok=4jZlgnIZ\" width=\"660\" height=\"330\" alt=\"\"\/><\/a><\/div>\n<\/div>\n<div class=\" title_suite_2 col col-xs-12 col-lg-12\"> <a href=\"\/article\/1063524-l-aide-de-bm-pour-le-maroc-pour-la-gestion-des-effets-du-covid-19\"\/><span class=\"field-content\">L\u2019aide de BM pour le Maroc pour la gestion des effets du covid-19<\/span><\/div>\n<\/div>\n<\/div>\n<div class=\" col-xs-12 col-lg-4\">\n<div class=\"row\">\n<div class=\"col col-xs-12 col-lg-12\">\n<div class=\"field-content\"><a href=\"\/article\/1063523-registre-social-unifie-le-projet-de-loi-adopte\"><img loading=\"lazy\" decoding=\"async\" class=\"img-responsive\" typeof=\"foaf:Image\" src=\"https:\/\/www.leconomiste.com\/sites\/default\/files\/eco7\/public\/styles\/800x400\/public\/default_images\/default_une.jpg?itok=4jZlgnIZ\" width=\"660\" height=\"330\" alt=\"\"\/><\/a><\/div>\n<\/div>\n<div class=\" title_suite_2 col col-xs-12 col-lg-12\"> <a href=\"\/article\/1063523-registre-social-unifie-le-projet-de-loi-adopte\"\/><span class=\"field-content\">Registre social unifi\u00e9: Le projet de loi adopt\u00e9<\/span><\/div>\n<\/div>\n<\/div>\n<div class=\" col-xs-12 col-lg-4\">\n<div class=\"row\">\n<div class=\"col col-xs-12 col-lg-12\">\n<div class=\"field-content\"><a href=\"\/article\/1063522-bac-amzazi-fait-le-point-en-conseil-du-gouvernement\"><img loading=\"lazy\" decoding=\"async\" class=\"img-responsive\" typeof=\"foaf:Image\" src=\"https:\/\/www.leconomiste.com\/sites\/default\/files\/eco7\/public\/styles\/800x400\/public\/default_images\/default_une.jpg?itok=4jZlgnIZ\" width=\"660\" height=\"330\" alt=\"\"\/><\/a><\/div>\n<\/div>\n<div class=\" title_suite_2 col col-xs-12 col-lg-12\"> <a href=\"\/article\/1063522-bac-amzazi-fait-le-point-en-conseil-du-gouvernement\"\/><span class=\"field-content\">Bac: Amzazi fait le point en Conseil du gouvernement<\/span><\/div>\n<\/div>\n<\/div>\n<\/div>\n<\/div>\n<\/div>\n<\/div>\n<\/div>\n<p>Auteur: hlafriqi<br \/>\n<a href=\"https:\/\/www.leconomiste.com\/article\/1063525-wac-vs-esperance-sportive-de-tunis-le-tribunal-arbitral-delibere\">Cliquez ici pour lire l&rsquo;article depuis sa source.<\/a><\/p>\n","protected":false},"excerpt":{"rendered":"<p>Le tribunal arbitral du sport (TAS) a mis en d\u00e9lib\u00e9r\u00e9 l\u2019affaire Wydad Athletic Club (WAC) vs L\u2019Esp\u00e9rance sportive de Tunis. L\u2019organisation de la finale de la Ligue des champions de la Conf\u00e9d\u00e9ration africaine de football est au c\u0153ur de ce contentieux (Cf. L\u2019Economiste n\u00b05752 du 30 avril 2020). L\u2019instance arbitrale bas\u00e9e en Suisse a tenu [&hellip;]<\/p>\n","protected":false},"author":1763,"featured_media":0,"comment_status":"closed","ping_status":"closed","sticky":false,"template":"","format":"standard","meta":{"fifu_image_url":"","fifu_image_alt":"","footnotes":""},"categories":[78,54],"tags":[],"class_list":["post-89382","post","type-post","status-publish","format-standard","hentry","category-economie","category-maroc"],"_links":{"self":[{"href":"https:\/\/linitiative.ca\/International\/wp-json\/wp\/v2\/posts\/89382","targetHints":{"allow":["GET"]}}],"collection":[{"href":"https:\/\/linitiative.ca\/International\/wp-json\/wp\/v2\/posts"}],"about":[{"href":"https:\/\/linitiative.ca\/International\/wp-json\/wp\/v2\/types\/post"}],"author":[{"embeddable":true,"href":"https:\/\/linitiative.ca\/International\/wp-json\/wp\/v2\/users\/1763"}],"replies":[{"embeddable":true,"href":"https:\/\/linitiative.ca\/International\/wp-json\/wp\/v2\/comments?post=89382"}],"version-history":[{"count":0,"href":"https:\/\/linitiative.ca\/International\/wp-json\/wp\/v2\/posts\/89382\/revisions"}],"wp:attachment":[{"href":"https:\/\/linitiative.ca\/International\/wp-json\/wp\/v2\/media?parent=89382"}],"wp:term":[{"taxonomy":"category","embeddable":true,"href":"https:\/\/linitiative.ca\/International\/wp-json\/wp\/v2\/categories?post=89382"},{"taxonomy":"post_tag","embeddable":true,"href":"https:\/\/linitiative.ca\/International\/wp-json\/wp\/v2\/tags?post=89382"}],"curies":[{"name":"wp","href":"https:\/\/api.w.org\/{rel}","templated":true}]}}