{"id":89385,"date":"2020-06-18T10:30:00","date_gmt":"2020-06-18T14:30:00","guid":{"rendered":"https:\/\/linitiative.ca\/International\/relation-brisee-entre-zidane-et-bale\/"},"modified":"2020-06-18T10:30:00","modified_gmt":"2020-06-18T14:30:00","slug":"relation-brisee-entre-zidane-et-bale","status":"publish","type":"post","link":"https:\/\/linitiative.ca\/International\/relation-brisee-entre-zidane-et-bale\/","title":{"rendered":"Relation \u00abbris\u00e9e\u00bb entre Zidane et Bale\u00a0!"},"content":{"rendered":"<p class=\"p1 c3\"><span class=\"c2\">La relation entre Zinedine Zidane et Gareth Bale serait aujourd\u2019hui bris\u00e9e. Sans surprise, Bale ne compte plus pour le Real Madrid, m\u00eame si son bail court jusqu\u2019\u00e0 2022.<\/span><\/p>\n<p class=\"p1 c3\"><span class=\"c2\">A en croire les informations publi\u00e9es par\u00a0Marca, la relation entre Zidane et Bale est \u201cbris\u00e9e\u201d, suite au match disput\u00e9 dimanche face \u00e0 face \u00e0 Eibar (3-1).<\/span><\/p>\n<p class=\"p1 c3\"><span class=\"c2\">Le milieu offensif n\u2019aurait pas du tout aim\u00e9 que son coach le mette rempla\u00e7ant, et son entr\u00e9e en jeu en seconde p\u00e9riode (61e minute) a agac\u00e9 l\u2019entra\u00eeneur fran\u00e7ais, qui aurait regrett\u00e9 le peu d\u2019implication du Gallois, rapporte\u00a0Le Figaro Sport\u00a0ce mardi 16 juin.<\/span><\/p>\n<p class=\"p1 c3\"><span class=\"c2\">M\u00eame si Bale consid\u00e9rait effectivement avoir retrouv\u00e9 la forme, il a livr\u00e9 une prestation insipide. Il ne devrait pas jouer face \u00e0 Valence demain, surtout qu\u2019il s\u2019est bless\u00e9 \u00e0 nouveau lors de son entr\u00e9e en jeu.<\/span><\/p>\n<p class=\"p1 c3\"><span class=\"c2\">Bale a \u00e9t\u00e9 tr\u00e8s d\u00e9cevant, cette saison. Il n\u2019a marqu\u00e9 que 2 buts en 15 matchs de Liga. Il envisage n\u00e9anmoins de poursuivre dans l\u2019\u00e9curie merengue, o\u00f9 il per\u00e7oit un salaire de 15 millions d\u2019euros par an.<\/span><\/p>\n<p class=\"p1 c3\"><span class=\"c2\">Cette situation compromet les plans de Zidane pour le prochain mercato, puisque le Real lorgne de grosses pointures en vue de renforcer son effectif. En 2019, le Fran\u00e7ais avait d\u00e9clar\u00e9 qu\u2019il serait \u201cpr\u00e9f\u00e9rable pour tout le monde\u201d que Bale quitte la Casa Blanca. Cependant, son d\u00e9part l\u2019\u00e9t\u00e9 dernier a \u00e9chou\u00e9 \u00e0 la derni\u00e8re minute en raison d\u2019un d\u00e9saccord sur les frais de transfert au club chinois Jiangsu Suning.<\/span><\/p>\n<p>Auteur: letemps1<br \/>\n<a href=\"http:\/\/www.letemps.com.tn\/article\/114934\/relation-%C2%ABbris%C3%A9e%C2%BB-entre-zidane-et-bale%C2%A0\">Cliquez ici pour lire l&rsquo;article depuis sa source.<\/a><\/p>\n","protected":false},"excerpt":{"rendered":"<p>La relation entre Zinedine Zidane et Gareth Bale serait aujourd\u2019hui bris\u00e9e. Sans surprise, Bale ne compte plus pour le Real Madrid, m\u00eame si son bail court jusqu\u2019\u00e0 2022. A en croire les informations publi\u00e9es par\u00a0Marca, la relation entre Zidane et Bale est \u201cbris\u00e9e\u201d, suite au match disput\u00e9 dimanche face \u00e0 face \u00e0 Eibar (3-1). Le [&hellip;]<\/p>\n","protected":false},"author":1773,"featured_media":0,"comment_status":"closed","ping_status":"closed","sticky":false,"template":"","format":"standard","meta":{"fifu_image_url":"","fifu_image_alt":"","footnotes":""},"categories":[73,55],"tags":[],"class_list":["post-89385","post","type-post","status-publish","format-standard","hentry","category-actualite","category-tunisie"],"_links":{"self":[{"href":"https:\/\/linitiative.ca\/International\/wp-json\/wp\/v2\/posts\/89385","targetHints":{"allow":["GET"]}}],"collection":[{"href":"https:\/\/linitiative.ca\/International\/wp-json\/wp\/v2\/posts"}],"about":[{"href":"https:\/\/linitiative.ca\/International\/wp-json\/wp\/v2\/types\/post"}],"author":[{"embeddable":true,"href":"https:\/\/linitiative.ca\/International\/wp-json\/wp\/v2\/users\/1773"}],"replies":[{"embeddable":true,"href":"https:\/\/linitiative.ca\/International\/wp-json\/wp\/v2\/comments?post=89385"}],"version-history":[{"count":0,"href":"https:\/\/linitiative.ca\/International\/wp-json\/wp\/v2\/posts\/89385\/revisions"}],"wp:attachment":[{"href":"https:\/\/linitiative.ca\/International\/wp-json\/wp\/v2\/media?parent=89385"}],"wp:term":[{"taxonomy":"category","embeddable":true,"href":"https:\/\/linitiative.ca\/International\/wp-json\/wp\/v2\/categories?post=89385"},{"taxonomy":"post_tag","embeddable":true,"href":"https:\/\/linitiative.ca\/International\/wp-json\/wp\/v2\/tags?post=89385"}],"curies":[{"name":"wp","href":"https:\/\/api.w.org\/{rel}","templated":true}]}}