{"id":89386,"date":"2020-06-18T10:30:00","date_gmt":"2020-06-18T14:30:00","guid":{"rendered":"https:\/\/linitiative.ca\/International\/ibrahimovic-au-coeur-dun-scandale-en-suede\/"},"modified":"2020-06-18T10:30:00","modified_gmt":"2020-06-18T14:30:00","slug":"ibrahimovic-au-coeur-dun-scandale-en-suede","status":"publish","type":"post","link":"https:\/\/linitiative.ca\/International\/ibrahimovic-au-coeur-dun-scandale-en-suede\/","title":{"rendered":"Ibrahimovic au c\u0153ur d\u2019un scandale en Su\u00e8de\u00a0!"},"content":{"rendered":"<p class=\"p1 c3\"><span class=\"c2\">Zlatan Ibrahimovic fait encore parler de lui. Le Su\u00e9dois est au c\u0153ur d\u2019un scandale dans son pays pour non-respect des consignes sanitaires.<span class=\"Apple-converted-space\">\u00a0<\/span><\/span><\/p>\n<p class=\"p1 c3\"><span class=\"c2\">Toujours en Su\u00e8de,\u00a0Zlatan Ibrahimovic n\u2019a pas encore repris la comp\u00e9tition avec l\u2019AC Milan, en raison d\u2019une blessure au mollet droit survenue le 25 mai dernier, \u00e0 l\u2019entra\u00eenement.<\/span><\/p>\n<p class=\"p1 c3\"><span class=\"c2\">L\u2019ancien attaquant du PSG ou encore du Bar\u00e7a\u00a0s\u203aest r\u00e9cemment attir\u00e9 les foudres de la presse su\u00e9doise en violant les r\u00e8gles sanitaires. Le week-end dernier, il avait assist\u00e9 \u00e0 un match\u00a0du club lombard,\u00a0dont il est copropri\u00e9taire.\u00a0Apr\u00e8s la rencontre, il s\u2019est rendu dans les vestiaires pour f\u00e9liciter les joueurs qui se sont impos\u00e9s\u00a0contre Ostersund (2-0).<\/span><\/p>\n<p class=\"p1 c3\"><span class=\"c2\">Zlatan est aujourd\u2019hui accus\u00e9 d\u2019avoir enfreint les r\u00e8gles et\u00a0les restrictions impos\u00e9es par la F\u00e9d\u00e9ration su\u00e9doise de football. Sa pr\u00e9sence devrait lui valoir une sanction, d\u2019autant que la Ligue su\u00e9doise (SEF) a ouvert une enqu\u00eate \u00e0 ce propos.<\/span><\/p>\n<p>Auteur: letemps1<br \/>\n<a href=\"http:\/\/www.letemps.com.tn\/article\/114935\/ibrahimovic-au-c%C5%93ur-d%E2%80%99un-scandale-en-su%C3%A8de%C2%A0\">Cliquez ici pour lire l&rsquo;article depuis sa source.<\/a><\/p>\n","protected":false},"excerpt":{"rendered":"<p>Zlatan Ibrahimovic fait encore parler de lui. Le Su\u00e9dois est au c\u0153ur d\u2019un scandale dans son pays pour non-respect des consignes sanitaires.\u00a0 Toujours en Su\u00e8de,\u00a0Zlatan Ibrahimovic n\u2019a pas encore repris la comp\u00e9tition avec l\u2019AC Milan, en raison d\u2019une blessure au mollet droit survenue le 25 mai dernier, \u00e0 l\u2019entra\u00eenement. L\u2019ancien attaquant du PSG ou encore [&hellip;]<\/p>\n","protected":false},"author":1773,"featured_media":0,"comment_status":"closed","ping_status":"closed","sticky":false,"template":"","format":"standard","meta":{"fifu_image_url":"","fifu_image_alt":"","footnotes":""},"categories":[73,55],"tags":[],"class_list":["post-89386","post","type-post","status-publish","format-standard","hentry","category-actualite","category-tunisie"],"_links":{"self":[{"href":"https:\/\/linitiative.ca\/International\/wp-json\/wp\/v2\/posts\/89386","targetHints":{"allow":["GET"]}}],"collection":[{"href":"https:\/\/linitiative.ca\/International\/wp-json\/wp\/v2\/posts"}],"about":[{"href":"https:\/\/linitiative.ca\/International\/wp-json\/wp\/v2\/types\/post"}],"author":[{"embeddable":true,"href":"https:\/\/linitiative.ca\/International\/wp-json\/wp\/v2\/users\/1773"}],"replies":[{"embeddable":true,"href":"https:\/\/linitiative.ca\/International\/wp-json\/wp\/v2\/comments?post=89386"}],"version-history":[{"count":0,"href":"https:\/\/linitiative.ca\/International\/wp-json\/wp\/v2\/posts\/89386\/revisions"}],"wp:attachment":[{"href":"https:\/\/linitiative.ca\/International\/wp-json\/wp\/v2\/media?parent=89386"}],"wp:term":[{"taxonomy":"category","embeddable":true,"href":"https:\/\/linitiative.ca\/International\/wp-json\/wp\/v2\/categories?post=89386"},{"taxonomy":"post_tag","embeddable":true,"href":"https:\/\/linitiative.ca\/International\/wp-json\/wp\/v2\/tags?post=89386"}],"curies":[{"name":"wp","href":"https:\/\/api.w.org\/{rel}","templated":true}]}}