{"id":89388,"date":"2020-06-18T15:13:18","date_gmt":"2020-06-18T19:13:18","guid":{"rendered":"https:\/\/linitiative.ca\/International\/pros-mehdi-mostefa-je-commence-mes-diplomes-dentraineur\/"},"modified":"2020-06-18T15:13:18","modified_gmt":"2020-06-18T19:13:18","slug":"pros-mehdi-mostefa-je-commence-mes-diplomes-dentraineur","status":"publish","type":"post","link":"https:\/\/linitiative.ca\/International\/pros-mehdi-mostefa-je-commence-mes-diplomes-dentraineur\/","title":{"rendered":"Pros : Mehdi Mostefa: \u00abJe commence mes dipl\u00f4mes d\u2019entra\u00eeneur\u00bb"},"content":{"rendered":"<div readability=\"32\">\n<p>Auteur : <span class=\"time\">jeudi 18 juin 2020 15:44<\/span><\/p>\n<\/div>\n<div id=\"post_core\" readability=\"41\">\n<p>\u00c0 36ans, Mehdi Mostefa n\u2019a pas encore l\u2019intention de \u00a0raccrocher les crampons. L\u2019ancien joueur de l\u2019EN a d\u00e9cid\u00e9 de poursuivre l\u2019aventure avec son team de B\u00e9ziers avec pour objectif d\u2019aider l\u2019\u00e9quipe \u00e0 retrouver sa place en National. Cependant, Mostefa a indiqu\u00e9 avoir commenc\u00e9 \u00a0ses dipl\u00f4mes d\u2019entra\u00eeneur\u00a0:\u00a0\u00abMon pr\u00e9sident voulait que je reste pour essayer de faire remonter l\u2019\u00e9quipe. Son discours m\u2019a plu. Le projet est int\u00e9ressant et en parall\u00e8le, je commence mes dipl\u00f4mes d\u2019entra\u00eeneur. Je vais commencer quelque chose de nouveau tout en continuant \u00e0 jouer au football. Franchement, je suis tr\u00e8s content m\u00eame si c\u2019est un niveau en-dessous de ce que j\u2019ai connu. Je suis content de continuer \u00e0 bient\u00f4t 37 ans alors que la plupart des autres joueurs ont d\u00e9j\u00e0 arr\u00eat\u00e9.\u00bb a-t-il d\u00e9clar\u00e9 \u00e0 RFI.<\/p>\n<p><strong>Publi\u00e9 dans :<\/strong> <span>mehdi Mostefa<\/span><\/p>\n<\/div>\n<p>Auteur:<br \/>\n<a href=\"http:\/\/www.lebuteur.com\/article\/detail?titre=mehdi-mostefa-je-commence-mes-diplomes-dentraineur&#038;id=96294&#038;utm_source=feedburner&#038;utm_medium=feed&#038;utm_campaign=Feed%3A+GalerieFArtciles+%28Les+derniers+articles++-+lebuteur.com%29\">Cliquez ici pour lire l&rsquo;article depuis sa source.<\/a><\/p>\n","protected":false},"excerpt":{"rendered":"<p>Auteur : jeudi 18 juin 2020 15:44 \u00c0 36ans, Mehdi Mostefa n\u2019a pas encore l\u2019intention de \u00a0raccrocher les crampons. L\u2019ancien joueur de l\u2019EN a d\u00e9cid\u00e9 de poursuivre l\u2019aventure avec son team de B\u00e9ziers avec pour objectif d\u2019aider l\u2019\u00e9quipe \u00e0 retrouver sa place en National. Cependant, Mostefa a indiqu\u00e9 avoir commenc\u00e9 \u00a0ses dipl\u00f4mes d\u2019entra\u00eeneur\u00a0:\u00a0\u00abMon pr\u00e9sident voulait [&hellip;]<\/p>\n","protected":false},"author":1738,"featured_media":89389,"comment_status":"closed","ping_status":"closed","sticky":false,"template":"","format":"standard","meta":{"fifu_image_url":"","fifu_image_alt":"","footnotes":""},"categories":[53,75],"tags":[],"class_list":["post-89388","post","type-post","status-publish","format-standard","has-post-thumbnail","hentry","category-algerie","category-sport"],"_links":{"self":[{"href":"https:\/\/linitiative.ca\/International\/wp-json\/wp\/v2\/posts\/89388","targetHints":{"allow":["GET"]}}],"collection":[{"href":"https:\/\/linitiative.ca\/International\/wp-json\/wp\/v2\/posts"}],"about":[{"href":"https:\/\/linitiative.ca\/International\/wp-json\/wp\/v2\/types\/post"}],"author":[{"embeddable":true,"href":"https:\/\/linitiative.ca\/International\/wp-json\/wp\/v2\/users\/1738"}],"replies":[{"embeddable":true,"href":"https:\/\/linitiative.ca\/International\/wp-json\/wp\/v2\/comments?post=89388"}],"version-history":[{"count":0,"href":"https:\/\/linitiative.ca\/International\/wp-json\/wp\/v2\/posts\/89388\/revisions"}],"wp:featuredmedia":[{"embeddable":true,"href":"https:\/\/linitiative.ca\/International\/wp-json\/"}],"wp:attachment":[{"href":"https:\/\/linitiative.ca\/International\/wp-json\/wp\/v2\/media?parent=89388"}],"wp:term":[{"taxonomy":"category","embeddable":true,"href":"https:\/\/linitiative.ca\/International\/wp-json\/wp\/v2\/categories?post=89388"},{"taxonomy":"post_tag","embeddable":true,"href":"https:\/\/linitiative.ca\/International\/wp-json\/wp\/v2\/tags?post=89388"}],"curies":[{"name":"wp","href":"https:\/\/api.w.org\/{rel}","templated":true}]}}