{"id":89390,"date":"2020-06-18T15:13:20","date_gmt":"2020-06-18T19:13:20","guid":{"rendered":"https:\/\/linitiative.ca\/International\/equipe-dalgerie-mehdi-mostefa-la-selection-cetait-une-belle-aventure-pour-moi-et-pour-ma-famille\/"},"modified":"2020-06-18T15:13:20","modified_gmt":"2020-06-18T19:13:20","slug":"equipe-dalgerie-mehdi-mostefa-la-selection-cetait-une-belle-aventure-pour-moi-et-pour-ma-famille","status":"publish","type":"post","link":"https:\/\/linitiative.ca\/International\/equipe-dalgerie-mehdi-mostefa-la-selection-cetait-une-belle-aventure-pour-moi-et-pour-ma-famille\/","title":{"rendered":"Equipe d&rsquo;Alg\u00e9rie : Mehdi Mostefa: \u00abLa s\u00e9lection, c\u2019\u00e9tait une belle aventure pour moi et pour ma famille\u00bb"},"content":{"rendered":"<div readability=\"32\">\n<p>Auteur : <span class=\"time\">jeudi 18 juin 2020 15:51<\/span><\/p>\n<\/div>\n<div id=\"post_core\" readability=\"44\">\n<p>L\u2019ancien joueur de l\u2019EN, Mehdi Mostefa a \u00e9voqu\u00e9, avec beaucoup de fiert\u00e9, sa carri\u00e8re sous le maillot des Verts\u00a0:\u00a0\u00abJe garde le souvenir de mon arriv\u00e9e la premi\u00e8re fois alors que j\u2019avais d\u00e9j\u00e0 27 ans (en 2010). J\u2019\u00e9tais comme un gosse ! J\u2019avais les mains moites, je devais repr\u00e9senter un pays. Il y a eu des hauts et des bas. J\u2019ai parfois \u00e9t\u00e9 aim\u00e9, parfois critiqu\u00e9. Il reste ce dernier match au Br\u00e9sil face \u00e0 l\u2019Allemagne en huiti\u00e8mes de finale. Il y a eu tellement d\u2019\u00e9motions. De la fiert\u00e9, et de la d\u00e9ception. On aurait peut-\u00eatre pu passer face \u00e0 l\u2019Allemagne. Nous \u00e9tions fiers d\u2019avoir jou\u00e9 contre les Allemands et d\u00e9\u00e7us d\u2019avoir perdu. La s\u00e9lection, c\u2019\u00e9tait une belle aventure pour moi et pour ma famille.\u00bb a-t-il d\u00e9clar\u00e9 \u00e0 RFI.<\/p>\n<p><strong>Publi\u00e9 dans :<\/strong> <span>mehdi Mostefa<\/span><\/p>\n<\/div>\n<p>Auteur:<br \/>\n<a href=\"http:\/\/www.lebuteur.com\/article\/detail?titre=mehdi-mostefa-la-selection-cetait-une-belle-aventure-pour-moi-et-pour-ma-famille&#038;id=96295&#038;utm_source=feedburner&#038;utm_medium=feed&#038;utm_campaign=Feed%3A+GalerieFArtciles+%28Les+derniers+articles++-+lebuteur.com%29\">Cliquez ici pour lire l&rsquo;article depuis sa source.<\/a><\/p>\n","protected":false},"excerpt":{"rendered":"<p>Auteur : jeudi 18 juin 2020 15:51 L\u2019ancien joueur de l\u2019EN, Mehdi Mostefa a \u00e9voqu\u00e9, avec beaucoup de fiert\u00e9, sa carri\u00e8re sous le maillot des Verts\u00a0:\u00a0\u00abJe garde le souvenir de mon arriv\u00e9e la premi\u00e8re fois alors que j\u2019avais d\u00e9j\u00e0 27 ans (en 2010). J\u2019\u00e9tais comme un gosse ! J\u2019avais les mains moites, je devais repr\u00e9senter [&hellip;]<\/p>\n","protected":false},"author":1738,"featured_media":89391,"comment_status":"closed","ping_status":"closed","sticky":false,"template":"","format":"standard","meta":{"fifu_image_url":"","fifu_image_alt":"","footnotes":""},"categories":[53,75],"tags":[],"class_list":["post-89390","post","type-post","status-publish","format-standard","has-post-thumbnail","hentry","category-algerie","category-sport"],"_links":{"self":[{"href":"https:\/\/linitiative.ca\/International\/wp-json\/wp\/v2\/posts\/89390","targetHints":{"allow":["GET"]}}],"collection":[{"href":"https:\/\/linitiative.ca\/International\/wp-json\/wp\/v2\/posts"}],"about":[{"href":"https:\/\/linitiative.ca\/International\/wp-json\/wp\/v2\/types\/post"}],"author":[{"embeddable":true,"href":"https:\/\/linitiative.ca\/International\/wp-json\/wp\/v2\/users\/1738"}],"replies":[{"embeddable":true,"href":"https:\/\/linitiative.ca\/International\/wp-json\/wp\/v2\/comments?post=89390"}],"version-history":[{"count":0,"href":"https:\/\/linitiative.ca\/International\/wp-json\/wp\/v2\/posts\/89390\/revisions"}],"wp:featuredmedia":[{"embeddable":true,"href":"https:\/\/linitiative.ca\/International\/wp-json\/"}],"wp:attachment":[{"href":"https:\/\/linitiative.ca\/International\/wp-json\/wp\/v2\/media?parent=89390"}],"wp:term":[{"taxonomy":"category","embeddable":true,"href":"https:\/\/linitiative.ca\/International\/wp-json\/wp\/v2\/categories?post=89390"},{"taxonomy":"post_tag","embeddable":true,"href":"https:\/\/linitiative.ca\/International\/wp-json\/wp\/v2\/tags?post=89390"}],"curies":[{"name":"wp","href":"https:\/\/api.w.org\/{rel}","templated":true}]}}