{"id":89394,"date":"2020-06-18T15:13:23","date_gmt":"2020-06-18T19:13:23","guid":{"rendered":"https:\/\/linitiative.ca\/International\/international-juventus-ronaldo-decide-pour-sa-fin-de-carriere\/"},"modified":"2020-06-18T15:13:23","modified_gmt":"2020-06-18T19:13:23","slug":"international-juventus-ronaldo-decide-pour-sa-fin-de-carriere","status":"publish","type":"post","link":"https:\/\/linitiative.ca\/International\/international-juventus-ronaldo-decide-pour-sa-fin-de-carriere\/","title":{"rendered":"International : Juventus: Ronaldo d\u00e9cid\u00e9 pour sa fin de carri\u00e8re ?"},"content":{"rendered":"<div readability=\"32\">\n<p>Auteur : <span class=\"time\">jeudi 18 juin 2020 18:01<\/span><\/p>\n<\/div>\n<div id=\"post_core\" readability=\"41\">\n<p>Malgr\u00e9 le poids des ann\u00e9es, l&rsquo;attaquant Cristiano Ronaldo reste performant sous les couleurs de la Juventus Turin. Cependant, l&rsquo;international portugais pense tout de m\u00eame \u00e0 la fin de sa carri\u00e8re. Et selon son compatriote Nani (33 ans), l&rsquo;ancien joueur du Real Madrid pourrait terminer en Major League Soccer: \u00ab\u00a0Il y a quelques ann\u00e9es, Cristiano m&rsquo;a dit qu&rsquo;il finirait probablement sa carri\u00e8re aux Etats-Unis. Ce n&rsquo;est pas d\u00e9cid\u00e9 \u00e0 100%, mais c&rsquo;est probable. Il y a une vraie chance\u00a0\u00bb, a fait savoir l&rsquo;ailier d\u2019Orlando City pour le m\u00e9dia ESPN et comme rapport\u00e9 par Maxifoot.fr.<\/p>\n<p><strong>Publi\u00e9 dans :<\/strong> <span>ronaldo<\/span><\/p>\n<\/div>\n<p>Auteur:<br \/>\n<a href=\"http:\/\/www.lebuteur.com\/article\/detail?titre=juventus-ronaldo-decide-pour-sa-fin-de-carriere&#038;id=96297&#038;utm_source=feedburner&#038;utm_medium=feed&#038;utm_campaign=Feed%3A+GalerieFArtciles+%28Les+derniers+articles++-+lebuteur.com%29\">Cliquez ici pour lire l&rsquo;article depuis sa source.<\/a><\/p>\n","protected":false},"excerpt":{"rendered":"<p>Auteur : jeudi 18 juin 2020 18:01 Malgr\u00e9 le poids des ann\u00e9es, l&rsquo;attaquant Cristiano Ronaldo reste performant sous les couleurs de la Juventus Turin. Cependant, l&rsquo;international portugais pense tout de m\u00eame \u00e0 la fin de sa carri\u00e8re. Et selon son compatriote Nani (33 ans), l&rsquo;ancien joueur du Real Madrid pourrait terminer en Major League Soccer: [&hellip;]<\/p>\n","protected":false},"author":1738,"featured_media":89395,"comment_status":"closed","ping_status":"closed","sticky":false,"template":"","format":"standard","meta":{"fifu_image_url":"","fifu_image_alt":"","footnotes":""},"categories":[53,75],"tags":[],"class_list":["post-89394","post","type-post","status-publish","format-standard","has-post-thumbnail","hentry","category-algerie","category-sport"],"_links":{"self":[{"href":"https:\/\/linitiative.ca\/International\/wp-json\/wp\/v2\/posts\/89394","targetHints":{"allow":["GET"]}}],"collection":[{"href":"https:\/\/linitiative.ca\/International\/wp-json\/wp\/v2\/posts"}],"about":[{"href":"https:\/\/linitiative.ca\/International\/wp-json\/wp\/v2\/types\/post"}],"author":[{"embeddable":true,"href":"https:\/\/linitiative.ca\/International\/wp-json\/wp\/v2\/users\/1738"}],"replies":[{"embeddable":true,"href":"https:\/\/linitiative.ca\/International\/wp-json\/wp\/v2\/comments?post=89394"}],"version-history":[{"count":0,"href":"https:\/\/linitiative.ca\/International\/wp-json\/wp\/v2\/posts\/89394\/revisions"}],"wp:featuredmedia":[{"embeddable":true,"href":"https:\/\/linitiative.ca\/International\/wp-json\/"}],"wp:attachment":[{"href":"https:\/\/linitiative.ca\/International\/wp-json\/wp\/v2\/media?parent=89394"}],"wp:term":[{"taxonomy":"category","embeddable":true,"href":"https:\/\/linitiative.ca\/International\/wp-json\/wp\/v2\/categories?post=89394"},{"taxonomy":"post_tag","embeddable":true,"href":"https:\/\/linitiative.ca\/International\/wp-json\/wp\/v2\/tags?post=89394"}],"curies":[{"name":"wp","href":"https:\/\/api.w.org\/{rel}","templated":true}]}}