{"id":89400,"date":"2020-06-17T19:00:00","date_gmt":"2020-06-17T23:00:00","guid":{"rendered":"https:\/\/linitiative.ca\/International\/arav-appel-au-respect-des-regles-deontologiques-lors-des-debats\/"},"modified":"2020-06-17T19:00:00","modified_gmt":"2020-06-17T23:00:00","slug":"arav-appel-au-respect-des-regles-deontologiques-lors-des-debats","status":"publish","type":"post","link":"https:\/\/linitiative.ca\/International\/arav-appel-au-respect-des-regles-deontologiques-lors-des-debats\/","title":{"rendered":"ARAV : appel au respect des r\u00e8gles d\u00e9ontologiques lors des d\u00e9bats"},"content":{"rendered":"<p>L\u2019Autorit\u00e9 de r\u00e9gulation de l\u2019audiovisuel (ARAV) a appel\u00e9 hier dans un communiqu\u00e9 l\u2019ensemble des m\u00e9dias audiovisuels et des journalistes au respect des r\u00e8gles professionnelles et d\u00e9ontologiques lors des d\u00e9bats autour de la mouture de la Constitution, les invitant \u00e0 intensifier les efforts pour jeter les bases d\u2019une presse responsable et libre aux contenus de qualit\u00e9 r\u00e9pondant aux principes du service public.<br \/>L\u2019ARAV dit avoir suivi \u00ab\u00a0l&#8217;emballement m\u00e9diatique suite aux d\u00e9clarations attribu\u00e9es au pr\u00e9sident du comit\u00e9 d\u2019experts charg\u00e9 de la r\u00e9vision constitutionnelle, Ahmed Laraba, et l\u2019insistance de certains animateurs d\u2019\u00e9missions sur des cha\u00eenes priv\u00e9es ainsi que leurs invit\u00e9s lors du d\u00e9bat autour de la mouture, sur l\u2019utilisation des d\u00e9clarations comme r\u00e9f\u00e9rentiel dans leur d\u00e9bat malgr\u00e9 le d\u00e9menti et les \u00e9claircissements \u00e9mis par le comit\u00e9 \u00e0 ce sujet\u00a0\u00bb.<br \/>De surcro\u00eet, l\u2019Autorit\u00e9 \u00ab\u00a0a \u00e9t\u00e9 destinataire d&rsquo;une correspondance de la part du pr\u00e9sident du comit\u00e9, dans laquelle il avait \u00e9mis un autre d\u00e9menti sur les informations relay\u00e9es par la cha\u00eene Beur TV lors d\u2019une \u00e9mission sp\u00e9ciale diffus\u00e9e mardi 09 juin 2020 \u00e0 21h, et \u00e0 travers laquelle le pr\u00e9sentateur et ses invit\u00e9s continuaient \u00e0 recourir aux d\u00e9clarations d\u00e9j\u00e0 d\u00e9menties\u00a0\u00bb.<br \/>\u00ab\u00a0Le pr\u00e9sident du comit\u00e9 a d\u00e9nonc\u00e9, par l\u00e0 m\u00eame, les d\u00e9clarations diffamatoires et calomnieuses d\u2019un invit\u00e9 de l\u2019\u00e9mission vis-\u00e0-vis des membres du comit\u00e9. L\u2019animateur, n\u2019ayant pas fait preuve de professionnalisme devant ces d\u00e9clarations, devait emp\u00eacher tous propos malveillants, et affirmer que la cha\u00eene se d\u00e9gage de toute responsabilit\u00e9 vis-\u00e0-vis de ce type de d\u00e9clarations\u00a0\u00bb, indique le communiqu\u00e9. Selon l\u2019ARAV, la correspondance du pr\u00e9sident du comit\u00e9 a fait r\u00e9f\u00e9rence \u00e9galement \u00e0 \u00ab\u00a0la cha\u00eene priv\u00e9e Echourouk TV laquelle continue d\u2019employer des d\u00e9clarations d\u00e9menties et en faire un r\u00e9f\u00e9rentiel dans les divers d\u00e9bat d\u00e8s que le sujet de la mouture de la Constitution est \u00e9voqu\u00e9.<br \/>Apr\u00e8s avoir recommand\u00e9 la couverture m\u00e9diatique lors du d\u00e9bat sur la mouture de la Constitution face \u00e0 ces d\u00e9passements professionnels, l\u2019ARAV \u00ab\u00a0a convoqu\u00e9 la responsable de la cha\u00eene priv\u00e9e Beur TV, \u00e0 son si\u00e8ge, et l\u2019a astreint \u00e0 pr\u00e9senter ses excuses au nom de la cha\u00eene au comit\u00e9 des experts et \u00e0 son pr\u00e9sident\u00a0\u00bb, a pr\u00e9cis\u00e9 la m\u00eame source, relevant que \u00ab\u00a0le pr\u00e9sident de l\u2019ARAV a rappel\u00e9 \u00e0 la responsable l\u2019imp\u00e9ratif respect des r\u00e8gles juridiques et de la d\u00e9ontologie professionnelle\u00a0\u00bb.<br \/>Le responsable de la cha\u00eene Echourouk TV a \u00e9galement \u00e9t\u00e9 contact\u00e9 pour l\u2019inviter \u00e0 ne plus recourir aux d\u00e9clarations d\u00e9menties. Ce dernier s\u2019est engag\u00e9 \u00e0 mettre tout en \u0153uvre aux fins de pr\u00e9senter un travail professionnel en \u00e9largissant de mani\u00e8re d\u00e9mocratique le cercle du d\u00e9bat constructif dans le respect de la diff\u00e9rence quelles qu\u2019en soient les divergences, a conclu le communiqu\u00e9.<br \/>\u00a0<\/p>\n<p>Auteur: elmoudjahid<br \/>\n<a href=\"http:\/\/www.elmoudjahid.com\/fr\/actualites\/155131\">Cliquez ici pour lire l&rsquo;article depuis sa source.<\/a><\/p>\n","protected":false},"excerpt":{"rendered":"<p>L\u2019Autorit\u00e9 de r\u00e9gulation de l\u2019audiovisuel (ARAV) a appel\u00e9 hier dans un communiqu\u00e9 l\u2019ensemble des m\u00e9dias audiovisuels et des journalistes au respect des r\u00e8gles professionnelles et d\u00e9ontologiques lors des d\u00e9bats autour de la mouture de la Constitution, les invitant \u00e0 intensifier les efforts pour jeter les bases d\u2019une presse responsable et libre aux contenus de qualit\u00e9 [&hellip;]<\/p>\n","protected":false},"author":1744,"featured_media":0,"comment_status":"closed","ping_status":"closed","sticky":false,"template":"","format":"standard","meta":{"fifu_image_url":"","fifu_image_alt":"","footnotes":""},"categories":[73,53],"tags":[],"class_list":["post-89400","post","type-post","status-publish","format-standard","hentry","category-actualite","category-algerie"],"_links":{"self":[{"href":"https:\/\/linitiative.ca\/International\/wp-json\/wp\/v2\/posts\/89400","targetHints":{"allow":["GET"]}}],"collection":[{"href":"https:\/\/linitiative.ca\/International\/wp-json\/wp\/v2\/posts"}],"about":[{"href":"https:\/\/linitiative.ca\/International\/wp-json\/wp\/v2\/types\/post"}],"author":[{"embeddable":true,"href":"https:\/\/linitiative.ca\/International\/wp-json\/wp\/v2\/users\/1744"}],"replies":[{"embeddable":true,"href":"https:\/\/linitiative.ca\/International\/wp-json\/wp\/v2\/comments?post=89400"}],"version-history":[{"count":0,"href":"https:\/\/linitiative.ca\/International\/wp-json\/wp\/v2\/posts\/89400\/revisions"}],"wp:attachment":[{"href":"https:\/\/linitiative.ca\/International\/wp-json\/wp\/v2\/media?parent=89400"}],"wp:term":[{"taxonomy":"category","embeddable":true,"href":"https:\/\/linitiative.ca\/International\/wp-json\/wp\/v2\/categories?post=89400"},{"taxonomy":"post_tag","embeddable":true,"href":"https:\/\/linitiative.ca\/International\/wp-json\/wp\/v2\/tags?post=89400"}],"curies":[{"name":"wp","href":"https:\/\/api.w.org\/{rel}","templated":true}]}}