{"id":89401,"date":"2020-06-17T19:00:00","date_gmt":"2020-06-17T23:00:00","guid":{"rendered":"https:\/\/linitiative.ca\/International\/affaire-de-corruption-dans-la-filiere-de-montage-automobile-2-mourad-oulmi-insiste-sur-la-legalite-de-son-activite\/"},"modified":"2020-06-17T19:00:00","modified_gmt":"2020-06-17T23:00:00","slug":"affaire-de-corruption-dans-la-filiere-de-montage-automobile-2-mourad-oulmi-insiste-sur-la-legalite-de-son-activite","status":"publish","type":"post","link":"https:\/\/linitiative.ca\/International\/affaire-de-corruption-dans-la-filiere-de-montage-automobile-2-mourad-oulmi-insiste-sur-la-legalite-de-son-activite\/","title":{"rendered":"Affaire de corruption dans la fili\u00e8re de montage automobile 2 : Mourad Oulmi insiste sur la l\u00e9galit\u00e9 de son activit\u00e9"},"content":{"rendered":"<p><strong>L\u2019ancien Premier ministre, Ahmed Ouyahia, a indiqu\u00e9 hier, lors de son audition dans l\u2019affaire du concessionnaire automobile Mourad Oulmi, qu\u2019il a agi pour l\u2019int\u00e9r\u00eat g\u00e9n\u00e9ral du pays et pour la sauvegarde de l\u2019\u00e9conomie nationale, m\u00eame s\u2019il a reconnu qu\u2019il n\u2019a\u00a0<\/strong> <strong>pas respect\u00e9 la l\u00e9gislation aff\u00e9rente \u00e0 l&rsquo;industrie automobile.<\/strong><\/p>\n<p>Ouyahia a comparu devant le p\u00f4le judiciaire sp\u00e9cialis\u00e9 pr\u00e8s le tribunal de Sidi M\u2019Hamed, dans une affaire de corruption dans la fili\u00e8re de montage automobile dont l\u2019accus\u00e9 principal est le Pdg du groupe SOVAC, Mourad Oulmi.<br \/>Sont poursuivis \u00e9galement son \u00e9pouse O. M. Fatiha, son fr\u00e8re et associ\u00e9 Khider, Omar Boudiab, ex-Pdg du CPA ainsi que des cadres du minist\u00e8re de l\u2019Industrie dont Amine Tira, Mohamed Alouane, Hassiba Mokraoui, Abdelkrim Mustapha et aussi des personnes morales, \u00e0 savoir les soci\u00e9t\u00e9s appartenant \u00e0 l\u2019accus\u00e9 principal. Deux anciens ministres de l\u2019Industrie, Youcef Yousfi et Abdessalem Bouchouareb sont \u00e9galement mis en cause.<br \/>11h09, arriv\u00e9e des accus\u00e9s sous haute surveillance au premier \u00e9tage du tribunal. Des \u00e9l\u00e9ments de la section de s\u00e9curit\u00e9 et d\u2019intervention, unit\u00e9 sp\u00e9ciale de la Gendarmerie nationale, ont \u00e9t\u00e9 d\u00e9ploy\u00e9s autour du box des accus\u00e9s o\u00f9 se trouvait Ahmed Ouyahia. Tous les accus\u00e9s portaient des bavettes et certains des gants, de m\u00eame pour tous les pr\u00e9sents dans la salle.<br \/>11h15, ouverture du proc\u00e8s en pr\u00e9sence d\u2019une vingtaine d\u2019avocats. La pr\u00e9sidente de l\u2019audience indique qu\u2019il s\u2019agit de deux affaires sous les num\u00e9ros 1454 et 1606. Elle commence par l\u2019appel des accus\u00e9s, des t\u00e9moins et de la partie civile. Des accus\u00e9s \u00e9taient absents \u00e0 l\u2019audience \u00e0 l\u2019instar de l\u2019\u00e9pouse de l\u2019accus\u00e9 principal Mourad Oulmi, Amine D. et Amine Tira. Ce dernier, cadre au minist\u00e8re de l\u2019Industrie, en d\u00e9tention \u00e0 Chlef et condamn\u00e9 dans la premi\u00e8re affaire de montage automobile n\u2019a pas \u00e9t\u00e9 transf\u00e9r\u00e9 \u00e0 Sidi M\u2019Hamed. De m\u00eame pour les repr\u00e9sentants des soci\u00e9t\u00e9s appartenant aux accus\u00e9s principaux.<br \/>L\u2019ouverture de l\u2019audience a \u00e9t\u00e9 marqu\u00e9e par les requ\u00eates de la d\u00e9fense des accus\u00e9s qui a demand\u00e9 le report du proc\u00e8s. Cette demande a \u00e9t\u00e9 motiv\u00e9e par l\u2019absence de l\u2019accus\u00e9 Amine Tira. Son avocat a insist\u00e9 sur sa pr\u00e9sence au proc\u00e8s. \u00abC\u2019est le minimum\u00bb, mais la juge r\u00e9plique : \u00abNon, il y a le maximum dans les droits des justiciables. Le tribunal va veiller \u00e0 son transfert jeudi et l\u2019informer des auditions du proc\u00e8s\u00bb. Un autre membre du collectif de d\u00e9fense dira que le greffier n\u2019a pas remis le dossier de cette affaire \u00e0 la d\u00e9fense. \u00abC\u2019est notre droit qui a \u00e9t\u00e9 bafou\u00e9\u00bb, mais le repr\u00e9sentant du minist\u00e8re public intervient : \u00abToutes les proc\u00e9dures ont \u00e9t\u00e9 garanties\u00bb. Des avocats se sont pr\u00e9sent\u00e9s \u00e0 la barre pour argumenter la demande de report de la deuxi\u00e8me affaire : \u00abIl s\u2019agit du dossier examin\u00e9 par le Parquet g\u00e9n\u00e9ral pr\u00e8s la Cour supr\u00eame. Nous avons relev\u00e9 des vices de forme. Des t\u00e9moins n\u2019ont pas \u00e9t\u00e9 entendus par le magistrat conseiller instructeur pr\u00e8s la Cour supr\u00eame. Aucune trace des proc\u00e8s-verbaux ni du rapport de l\u2019IGF dans le dossier de la Cour supr\u00eame \u00bb, ont-ils relev\u00e9. 11h51, le tribunal s\u2019est retir\u00e9 pour d\u00e9lib\u00e9ration.<br \/>12h25, reprise de l\u2019audience. Les demandes de renvoi du proc\u00e8s ont \u00e9t\u00e9 rejet\u00e9es. Le tribunal a d\u00e9cid\u00e9 la jonction des deux affaires en un seul dossier.<br \/>13h15, d\u00e9but des auditions. Mourad Oulmi, accus\u00e9 principal se pr\u00e9sente \u00e0 la barre. Il appara\u00eet amaigri, avec des cheveux poivre et sel v\u00eatu d\u2019un pantalon jean et d\u2019un pull noir. Il rejette d\u2019embl\u00e9e toutes les charges retenues contre lui. \u00abJe suis concessionnaire depuis 2003 et j\u2019ai eu l\u2019agr\u00e9ment en 2011\u00bb. L\u2019audition a port\u00e9 essentiellement sur l\u2019obtention de d\u00e9cisions en violation des dispositions du d\u00e9cret ex\u00e9cutif de 2016, notamment l\u2019exp\u00e9rience d\u2019au moins trois ans dans le domaine et l\u2019exploitation, avant m\u00eame la publication de ce d\u00e9cret.<br \/>Le Pdg de Sovac a insist\u00e9 tout le long de son audition sur \u00abla l\u00e9galit\u00e9 de son activit\u00e9\u00bb. Il r\u00e9pondait chaque fois aux questions du tribunal : \u00abNous avons agi dans le cadre de la loi.\u00bb La juge insiste sur la question de l\u2019agr\u00e9ment final : \u00abR\u00e9pondez par oui ou non.\u00bb Mourad Oulmi nie avoir b\u00e9n\u00e9fici\u00e9 d\u2019avantages ou de privil\u00e8ges. \u00abBien au contraire, on a bloqu\u00e9 mon dossier. J\u2019ai envoy\u00e9 plusieurs correspondances au minist\u00e8re de l\u2019Industrie concernant ma demande, sans suite\u00bb, a-t-il r\u00e9pondu s\u2019agissant de la premi\u00e8re d\u00e9cision technique accord\u00e9e un mois avant la publication du d\u00e9cret d\u2019application relatif au montage automobile. \u00abMon dossier a \u00e9t\u00e9 bloqu\u00e9 une ann\u00e9e, il a fallu l\u2019intervention du gouvernement allemand pour avoir l\u2019agr\u00e9ment\u00bb, soutient-il<\/p>\n<p><strong>Montants hallucinants<\/strong><\/p>\n<p>Le Pdg de Sovac a aussi insist\u00e9 sur les d\u00e9cisions techniques. \u00abLa d\u00e9cision objet de l\u2019enqu\u00eate ne concerne pas le groupe Sovac, mais plut\u00f4t TMC de Mahieddine Tahkout. Nous avons toutes les preuves. J\u2019ai inform\u00e9 le juge d\u2019instruction que les enqu\u00eateurs de la GN se sont bas\u00e9s sur un document qui ne me concerne pas\u00bb, affirme-t-il. La juge r\u00e9agit : \u00abLe tribunal a enregistr\u00e9 cette remarque\u00bb.<br \/>Autre d\u00e9passement : le concessionnaire n\u2019a pas respect\u00e9 le nombre de mod\u00e8les autoris\u00e9s, au nombre de quatre, et s\u2019est investi dans seize, a r\u00e9v\u00e9l\u00e9 l\u2019enqu\u00eate. En outre, Omar Oulmi a \u00e9t\u00e9 interrog\u00e9 sur les avantages accord\u00e9s. Le montant des importations a \u00e9t\u00e9 estim\u00e9 \u00e0 pr\u00e8s de 22 milliards de DA alors que le volume des importations du groupe Sovac a \u00e9t\u00e9 estim\u00e9 \u00e0 plus de 1.5 milliard d\u2019Euros, a r\u00e9v\u00e9l\u00e9 la pr\u00e9sidente de l\u2019audience. Les avantages fiscaux ont \u00e9t\u00e9 fix\u00e9s \u00e0 6 milliards de DA dans le cadre de l\u2019ANDI et 62 milliards de DA pour les SKD et CKD destin\u00e9s aux usines de montage automobile en Alg\u00e9rie. Mourad Oulmi r\u00e9pond : \u00abCe sont des avantages accord\u00e9s dans le cadre de la loi sur l\u2019investissement\u00bb.<\/p>\n<p><strong>Une villa \u00e0 63 milliards de centimes \u00e0 Hydra avec un terrain \u00e0 42 milliards de centimes<\/strong><\/p>\n<p>Mourad Oulmi a \u00e9t\u00e9 \u00e9galement auditionn\u00e9 sur ses biens en Alg\u00e9rie et \u00e0 l\u2019\u00e9tranger. Il pr\u00e9cise au tribunal qu\u2019il est r\u00e9sident en France depuis 1991 et qu\u2019il a la nationalit\u00e9 fran\u00e7aise. Il poss\u00e8de aussi 17 entreprises en Alg\u00e9rie et une soci\u00e9t\u00e9 d\u2019investissement immobilier en France. Il a d\u00e9clar\u00e9 \u00e9galement avoir fait l\u2019objet de v\u00e9rification pour soup\u00e7on de corruption men\u00e9e par les autorit\u00e9s fran\u00e7aises \u00abC\u2019\u00e9tait une enqu\u00eate de base sur toutes les soci\u00e9t\u00e9s de ma famille et c\u2019\u00e9tait positif\u00bb. Pour les autres biens, il a d\u00e9clar\u00e9 qu\u2019il poss\u00e8de quatre appartements en France, dont un studio en nom de son \u00e9pouse, ainsi qu\u2019une villa de 3.000 m2 \u00e0 El Biar, qu\u2019il a achet\u00e9e \u00e0 63 milliards de centimes et un lot de terrain situ\u00e9 \u00e0 proximit\u00e9 de 1.100 m2\u00a0 \u00e9valu\u00e9 \u00e0 42 milliards de centimes. \u00abJe ne poss\u00e8de pas d\u2019avion priv\u00e9\u00bb, a-t-il pr\u00e9cis.<br \/>15h lev\u00e9e de l\u2019audience.<br \/>15h33 mn reprise, avec l\u2019audition de Mourad Oulmi qui r\u00e9pond aux questions du parquet sur l\u2019agr\u00e9ment accord\u00e9 par le CNI, un mois seulement apr\u00e8s le rejet de sa demande. \u00abM. Ouyahia n\u2019a pas rejet\u00e9 ma demande, il a report\u00e9 l\u2019examen de mon dossier\u00bb, a-t-il soulign\u00e9. Il a \u00e9galement assur\u00e9 que ses revenus sont li\u00e9es \u00e0 l\u2019activit\u00e9 commerciale pas au montage automobile.<\/p>\n<p><strong>Le flou des cr\u00e9dits rembours\u00e9s \u00e0 l\u2019\u00e9tranger<\/strong><\/p>\n<p>Le repr\u00e9sentant du minist\u00e8re public rel\u00e8ve : \u00abVous avez proc\u00e9d\u00e9 au remboursement de cr\u00e9dits en France. Ce sont des cr\u00e9dits de Mourad Oulmi ou de personnes morales ?\u00bb L\u2019accus\u00e9 r\u00e9pond : \u00abCe sont des cr\u00e9dits de mon fr\u00e8re Khider.\u00bb<br \/>Ce dernier auditionn\u00e9 a pr\u00e9cis\u00e9 qu\u2019il n\u2019\u00e9tait plus associ\u00e9 \u00e0 la SPA Sovac depuis 2019 et qu\u2019il maintenait ses d\u00e9clarations tenues devant le juge d\u2019instruction. La juge lui rappelle qu\u2019il est associ\u00e9 depuis 2003. \u00abJe suis out et je ne suis pas au courant des difficult\u00e9s\u00bb, se justifie-t-il. Khider Oulmi a indiqu\u00e9 au parquet qu\u2019il poss\u00e8de des appartements \u00e0 Paris dans le 16e arrondissement et \u00e0 Monaco, a ainsi qu\u2019un compte bancaire dans une banque \u00e0 Francfort en Allemagne.<br \/>C\u2019est \u00e0 16h, que le tribunal entame l\u2019audition d\u2019Ahmed Ouyahia qui rejette les accusations retenues contre lui. \u00abJe suis mis en cause pour manque de transparence dans la gestion du CNI. Je respecte la justice de mon pays mais ce d\u00e9lit n\u2019existe pas dans la loi et on tente de diffamer une personne sans preuve\u00bb, d\u00e9clare-t-il.<br \/>Ouyahia insiste sur l\u2019application des lois de la R\u00e9publique \u00abdans l\u2019int\u00e9r\u00eat du pays\u00bb, ajoutant qu\u2019il avait le devoir de prot\u00e9ger les deniers publics et les capacit\u00e9s financi\u00e8res de l\u2019Alg\u00e9rie.\u00a0 J\u2019ai \u00e9t\u00e9 nomm\u00e9 Premier ministre dans des conditions difficiles, marqu\u00e9es notamment par la maladie du Pr\u00e9sident de la R\u00e9publique et la pr\u00e9paration des \u00e9lections pr\u00e9sidentielles. Ceux qui se sont constitu\u00e9s partie civile dans l\u2019affaire du montage automobile n\u2019ont pas eu l\u2019agr\u00e9ment jusqu\u2019\u00e0 aujourd\u2019hui. Le concessionnaire Emin Auto est poursuivi en Turquie. Il a cr\u00e9\u00e9 une soci\u00e9t\u00e9 fictive en Alg\u00e9rie. Omar Rebrab a des probl\u00e8mes avec Bouchouareb\u00bb, a-t-il soulign\u00e9 .<br \/>L\u2019ancien ministre de l\u2019Industrie, Youcef Yousfi s\u2019est pr\u00e9sent\u00e9 par la suite \u00e0 la barre en fin de journ\u00e9e pour r\u00e9pondre aux accusations. Le proc\u00e8s se poursuivra aujourd\u2019hui.<br \/>Neila Benrahal<\/p>\n<p>Auteur: elmoudjahid<br \/>\n<a href=\"http:\/\/www.elmoudjahid.com\/fr\/actualites\/155132\">Cliquez ici pour lire l&rsquo;article depuis sa source.<\/a><\/p>\n","protected":false},"excerpt":{"rendered":"<p>L\u2019ancien Premier ministre, Ahmed Ouyahia, a indiqu\u00e9 hier, lors de son audition dans l\u2019affaire du concessionnaire automobile Mourad Oulmi, qu\u2019il a agi pour l\u2019int\u00e9r\u00eat g\u00e9n\u00e9ral du pays et pour la sauvegarde de l\u2019\u00e9conomie nationale, m\u00eame s\u2019il a reconnu qu\u2019il n\u2019a\u00a0 pas respect\u00e9 la l\u00e9gislation aff\u00e9rente \u00e0 l&rsquo;industrie automobile. Ouyahia a comparu devant le p\u00f4le judiciaire [&hellip;]<\/p>\n","protected":false},"author":1744,"featured_media":0,"comment_status":"closed","ping_status":"closed","sticky":false,"template":"","format":"standard","meta":{"fifu_image_url":"","fifu_image_alt":"","footnotes":""},"categories":[73,53],"tags":[],"class_list":["post-89401","post","type-post","status-publish","format-standard","hentry","category-actualite","category-algerie"],"_links":{"self":[{"href":"https:\/\/linitiative.ca\/International\/wp-json\/wp\/v2\/posts\/89401","targetHints":{"allow":["GET"]}}],"collection":[{"href":"https:\/\/linitiative.ca\/International\/wp-json\/wp\/v2\/posts"}],"about":[{"href":"https:\/\/linitiative.ca\/International\/wp-json\/wp\/v2\/types\/post"}],"author":[{"embeddable":true,"href":"https:\/\/linitiative.ca\/International\/wp-json\/wp\/v2\/users\/1744"}],"replies":[{"embeddable":true,"href":"https:\/\/linitiative.ca\/International\/wp-json\/wp\/v2\/comments?post=89401"}],"version-history":[{"count":0,"href":"https:\/\/linitiative.ca\/International\/wp-json\/wp\/v2\/posts\/89401\/revisions"}],"wp:attachment":[{"href":"https:\/\/linitiative.ca\/International\/wp-json\/wp\/v2\/media?parent=89401"}],"wp:term":[{"taxonomy":"category","embeddable":true,"href":"https:\/\/linitiative.ca\/International\/wp-json\/wp\/v2\/categories?post=89401"},{"taxonomy":"post_tag","embeddable":true,"href":"https:\/\/linitiative.ca\/International\/wp-json\/wp\/v2\/tags?post=89401"}],"curies":[{"name":"wp","href":"https:\/\/api.w.org\/{rel}","templated":true}]}}