{"id":89402,"date":"2020-06-17T19:00:00","date_gmt":"2020-06-17T23:00:00","guid":{"rendered":"https:\/\/linitiative.ca\/International\/detournement-de-fonds-au-cpa-de-bouira-report-du-proces-des-individus-impliques\/"},"modified":"2020-06-17T19:00:00","modified_gmt":"2020-06-17T23:00:00","slug":"detournement-de-fonds-au-cpa-de-bouira-report-du-proces-des-individus-impliques","status":"publish","type":"post","link":"https:\/\/linitiative.ca\/International\/detournement-de-fonds-au-cpa-de-bouira-report-du-proces-des-individus-impliques\/","title":{"rendered":"D\u00e9tournement de fonds au CPA de Bouira  :  Report du proc\u00e8s des individus impliqu\u00e9s"},"content":{"rendered":"<p>Le proc\u00e8s judiciaire des individus impliqu\u00e9s dans le d\u00e9tournement et le vol de fonds au niveau du Cr\u00e9dit populaire alg\u00e9rien (CPA) de Bouira a \u00e9t\u00e9 report\u00e9 \u00e0 jeudi, a-t-on appris hier de source judiciaire.<br \/>Initialement pr\u00e9vu pour le 8 juin, \u00able proc\u00e8s de cette affaire de d\u00e9tournement de fonds au CPA de Bouira, a \u00e9t\u00e9 report\u00e9 au 18 juin 2020 pour des raisons li\u00e9es aux mesures de pr\u00e9vention contre la pand\u00e9mie du Covid-19\u00bb, a expliqu\u00e9 \u00e0 l&rsquo;APS la m\u00eame source.<br \/>Cette affaire de d\u00e9tournement, qui avait \u00e9clat\u00e9 il y a plus d\u2019une ann\u00e9e, implique 12 individus, dont quatre responsables de la banque en question et deux op\u00e9rateurs, qui avaient \u00e9t\u00e9 plac\u00e9s sous mandat de d\u00e9p\u00f4t par la chambre d\u2019accusation du tribunal de Bouira.<br \/>Des op\u00e9rations de malversation sur des comptes \u00e9pargnes de particuliers ont \u00e9t\u00e9 d\u00e9cel\u00e9es par les services de s\u00e9curit\u00e9 qui avaient \u00e9t\u00e9 destinataires d\u2019une centaine de plaintes \u00e9manant de d\u00e9tenteurs de comptes en dinars et en devises.<br \/>La derni\u00e8re expertise \u00e9tablie \u00e0 la demande du juge d\u2019instruction fait \u00e9tat d\u2019un trou d\u00e9passant les 60 milliards de centimes. Fin 2019, les victimes du d\u00e9tournement avaient protest\u00e9 \u00e0 maintes reprises devant le si\u00e8ge de cet \u00e9tablissement bancaire pour r\u00e9clamer leur argent d\u00e9tourn\u00e9.<\/p>\n<p>Auteur: elmoudjahid<br \/>\n<a href=\"http:\/\/www.elmoudjahid.com\/fr\/actualites\/155133\">Cliquez ici pour lire l&rsquo;article depuis sa source.<\/a><\/p>\n","protected":false},"excerpt":{"rendered":"<p>Le proc\u00e8s judiciaire des individus impliqu\u00e9s dans le d\u00e9tournement et le vol de fonds au niveau du Cr\u00e9dit populaire alg\u00e9rien (CPA) de Bouira a \u00e9t\u00e9 report\u00e9 \u00e0 jeudi, a-t-on appris hier de source judiciaire.Initialement pr\u00e9vu pour le 8 juin, \u00able proc\u00e8s de cette affaire de d\u00e9tournement de fonds au CPA de Bouira, a \u00e9t\u00e9 report\u00e9 [&hellip;]<\/p>\n","protected":false},"author":1744,"featured_media":0,"comment_status":"closed","ping_status":"closed","sticky":false,"template":"","format":"standard","meta":{"fifu_image_url":"","fifu_image_alt":"","footnotes":""},"categories":[73,53],"tags":[],"class_list":["post-89402","post","type-post","status-publish","format-standard","hentry","category-actualite","category-algerie"],"_links":{"self":[{"href":"https:\/\/linitiative.ca\/International\/wp-json\/wp\/v2\/posts\/89402","targetHints":{"allow":["GET"]}}],"collection":[{"href":"https:\/\/linitiative.ca\/International\/wp-json\/wp\/v2\/posts"}],"about":[{"href":"https:\/\/linitiative.ca\/International\/wp-json\/wp\/v2\/types\/post"}],"author":[{"embeddable":true,"href":"https:\/\/linitiative.ca\/International\/wp-json\/wp\/v2\/users\/1744"}],"replies":[{"embeddable":true,"href":"https:\/\/linitiative.ca\/International\/wp-json\/wp\/v2\/comments?post=89402"}],"version-history":[{"count":0,"href":"https:\/\/linitiative.ca\/International\/wp-json\/wp\/v2\/posts\/89402\/revisions"}],"wp:attachment":[{"href":"https:\/\/linitiative.ca\/International\/wp-json\/wp\/v2\/media?parent=89402"}],"wp:term":[{"taxonomy":"category","embeddable":true,"href":"https:\/\/linitiative.ca\/International\/wp-json\/wp\/v2\/categories?post=89402"},{"taxonomy":"post_tag","embeddable":true,"href":"https:\/\/linitiative.ca\/International\/wp-json\/wp\/v2\/tags?post=89402"}],"curies":[{"name":"wp","href":"https:\/\/api.w.org\/{rel}","templated":true}]}}