{"id":89406,"date":"2020-06-18T04:37:00","date_gmt":"2020-06-18T08:37:00","guid":{"rendered":"https:\/\/linitiative.ca\/International\/exclusif-tout-sur-la-visite-du-president-kais-saied-ce-lundi-a-paris\/"},"modified":"2020-06-18T04:37:00","modified_gmt":"2020-06-18T08:37:00","slug":"exclusif-tout-sur-la-visite-du-president-kais-saied-ce-lundi-a-paris","status":"publish","type":"post","link":"https:\/\/linitiative.ca\/International\/exclusif-tout-sur-la-visite-du-president-kais-saied-ce-lundi-a-paris\/","title":{"rendered":"Exclusif &#8211; Tout sur la visite du Pr\u00e9sident Kais Sa\u00efed ce lundi \u00e0 Paris"},"content":{"rendered":"<p>Courte, mais intense s\u2019annonce la visite de 24 heures qu\u2019effectuera \u00e0 Paris le pr\u00e9sident Kais Sa\u00efed \u00e0 partir de ce lundi. Sa symbolique est qu\u2019elle soit la toute premi\u00e8re d\u2019un chef d\u2019\u00c9tat \u00e9tranger en France, depuis plus de trois mois. Son timing est appropri\u00e9, avec l\u2019imp\u00e9ratif de redressement \u00e9conomique et financier en Tunisie et la gravit\u00e9 des affrontements en Libye. \u00ab\u00a0Le pr\u00e9sident Macron est ravi d\u2019accueillir son homologue tunisien qui a choisi la France, en signe d\u2019amiti\u00e9, pour sa premi\u00e8re sortie internationale (en dehors de l\u2019Alg\u00e9rie) depuis son accession \u00e0 la pr\u00e9sidence de la R\u00e9publique\u00a0\u00bb, confie \u00e0 Leaders un proche du s\u00e9rail. Leurs entretiens seront d\u2019une grande importance pour le renforcement des relations bilat\u00e9rales, les efforts conjoints aux Conseil de S\u00e9curit\u00e9, et la sortie de crise en Libye ainsi que le prochain sommet de la Francophonie \u00e0 Djerba, ajoute notre source. Emmanuel Macron ne manquera pas \u00e0 cette occasion d\u2019annoncer un accroissement substantiel de l\u2019appui financier \u00e0 la Tunisie\u00a0\u00bb, r\u00e9v\u00e8le-t-elle. Du c\u00f4t\u00e9 tunisien on laisse entendre une r\u00e9elle d\u00e9termination \u00e0 relancer intensivement les relations bilat\u00e9rales. Carthage s\u2019appr\u00eate \u00e0 d\u00e9signer, incessamment un nouvel ambassadeur \u00e0 Paris, ainsi qu\u2019un nouveau consul g\u00e9n\u00e9ral, combler deux postes importants rest\u00e9s vacants depuis plus de 7 mois.<\/p>\n<p><span class=\"c3\"><span class=\"c2\"><strong>En direct entre Carthage et l\u2019\u00c9lys\u00e9e<\/strong><\/span><\/span><\/p>\n<p>Si la composition de la d\u00e9l\u00e9gation qui l\u2019y accompagne n\u2019a pas \u00e9t\u00e9 rendue publique, on apprend qu\u2019elle sera tr\u00e8s r\u00e9duite. Certaines sources vont jusqu\u2019\u00e0 mentionner que la d\u00e9l\u00e9gation sera compos\u00e9e essentiellement de proches conseillers du chef de l\u2019\u00c9tat, s\u2019agissant d\u2019une visite hautement politique. Les m\u00e9dias tunisiens n\u2019ont pas encore \u00e9t\u00e9 brief\u00e9s ni sur les th\u00e9matiques de la visite et les dossiers que la Tunisie compte \u00e9voquer \u00e0 cette occasion, ni sur le programme. Aussi, Carthage n\u2019a pas pr\u00e9cis\u00e9 si le chef de l\u2019\u00c9tat sera accompagn\u00e9 lors de ce premier d\u00e9placement hors du Maghreb de son \u00e9pouse. L\u2019invitation au d\u00eener officiel \u00e0 l\u2019\u00c9lys\u00e9e a \u00e9t\u00e9 lanc\u00e9e au nom du pr\u00e9sident Macron et de son \u00e9pouse.<\/p>\n<p>Dans les coulisses, on apprend que c\u2019est la ministre-directrice du cabinet pr\u00e9sidentiel, Nadia Akacha, qui y a pris le dossier en main, travaillant directement avec ses interlocuteurs fran\u00e7ais, notamment l\u2019Ambassadeur Olivier Poivre d\u2019Arvor.<\/p>\n<p><span class=\"c3\"><strong><span class=\"c2\">Trois temps forts<\/span><\/strong><\/span><\/p>\n<p>Les temps forts de la visite seront les entretiens lundi apr\u00e8s-midi entre les pr\u00e9sidents Macron et Sa\u00efed, suivis d\u2019une conf\u00e9rence de presse, le d\u00eener d\u2019\u00c9tat, et, mardi matin, une rencontre avec des Tunisiens de France et une visite \u00e0 l\u2019Institut du Monde Arabe.<\/p>\n<p>D\u2019ores et d\u00e9j\u00e0, l\u2019\u00e9quipe des pr\u00e9curseurs des services de la Pr\u00e9sidence de la R\u00e9publique (protocole, communication et s\u00e9curit\u00e9) se rend ce jeudi \u00e0 Paris pour mettre au point les derni\u00e8res touches.<\/p>\n<p><span class=\"c3\"><span class=\"c2\"><strong>Retour des grandes c\u00e9r\u00e9monies festives \u00e0 l\u2019\u00c9lys\u00e9e<\/strong><\/span><\/span><\/p>\n<p>F\u00e9brilit\u00e9 \u00e0 l\u2019\u00c9lys\u00e9e. Pour la premi\u00e8re fois depuis plus de trois mois, le palais embl\u00e9matique de la R\u00e9publique s\u2019appr\u00eate \u00e0 rouvrir la grande salle des d\u00eeners d\u2019\u00c9tat et y accueillir le pr\u00e9sident Kais Sa\u00efed. De m\u00e9moire d\u2019\u00c9lys\u00e9en, c\u2019est le premier rendez-vous festif depuis le 13 mars dernier. Le Pr\u00e9sident tunisien sera aussi le premier chef d\u2019\u00c9tat, dans le monde, \u00e0 se rendre depuis lors, en visite officielle en France. La Garde r\u00e9publicaine, sabre au clair et fanfare, comme les huissiers et les autres services de l\u2019\u00c9lys\u00e9e, pourtant rompus aux grandes c\u00e9r\u00e9monies, mais contraints au confinement, retrouveront \u00e0 cette occasion leurs r\u00e9flexes. Ils entendent exceller dans la pratique rigoureuse du protocole fran\u00e7ais et, dans les cuisines, leur attachement \u00e0 la haute gastronomie, l\u2019\u00c9lys\u00e9e se voulant la meilleure table de France.<\/p>\n<p><span class=\"c3\"><span class=\"c2\"><strong>Post-Covid-19, ONU, Europe, Libye et Francophonie<\/strong><\/span><\/span><\/p>\n<p>Mais, au-del\u00e0 de cette f\u00e9brilit\u00e9 dans l\u2019intendance, la diplomatie fran\u00e7aise accorde un r\u00e9el int\u00e9r\u00eat aux entretiens qu\u2019auront lundi apr\u00e8s-midi les pr\u00e9sidents Macron et Sa\u00efed. D\u2019une m\u00eame voix, \u00e0 l\u2019\u00c9lys\u00e9e comme au Quai d\u2019Orsay, on se f\u00e9licite de la rapidit\u00e9 avec laquelle cette visite en France a \u00e9t\u00e9 mont\u00e9e, lors de l\u2019entretien t\u00e9l\u00e9phonique entre les deux pr\u00e9sidents, le 5 juin dernier et de la cordialit\u00e9 des rapports qui s\u2019est instaur\u00e9. L\u2019urgence de la sortie de crise post-Covid-19 et l\u2019aggravation de la situation en Libye constituent autant de pr\u00e9occupations communes qui seront \u00e0 l\u2019ordre du jour. Mais aussi l\u2019action multilat\u00e9rale\u00a0: syst\u00e8me des Nations-Unies, Union europ\u00e9enne, sommet de la Francophonie qui se tiendra \u00e0 Djerba en mars prochain\u2026<\/p>\n<p><span class=\"c3\"><strong><span class=\"c2\">Au programme<\/span><\/strong><\/span><\/p>\n<p>Trois grandes s\u00e9quences marquent le programme de la visite de 24 heures<span class=\"c4\"><strong>. D\u00e8s son arriv\u00e9e lundi en d\u00e9but d\u2019apr\u00e8s-midi \u00e0 Paris,<\/strong><\/span> le pr\u00e9sident Sa\u00efed sera re\u00e7u par son homologue Macron au palais de l\u2019\u00c9lys\u00e9e, pour <strong><span class=\"c4\">un entretien \u00e9largi aux deux d\u00e9l\u00e9gations qui sera suivi d\u2019un entretien r\u00e9serv\u00e9.<\/span><\/strong> Mieux qu\u2019une d\u00e9claration \u00e0 la presse, de Kais Sa\u00efed sur le perron de l\u2019\u00c9lys\u00e9e, \u00e0 l\u2019issue de cet entretien, les deux pr\u00e9sidents donneront ensuite <strong><span class=\"c4\">une conf\u00e9rence de presse conjointe<\/span><\/strong>. \u00c7a sera l\u2019occasion pour Emmanuel Macron d\u2019annoncer une s\u00e9rie de nouvelles mesures \u00e9conomiques et financi\u00e8res en faveur de la Tunisie. Si le d\u00e9tail et le montant n\u2019en sont pas r\u00e9v\u00e9l\u00e9s, Paris laisse entendre qu\u2019il s\u2019agit de \u00ab\u00a0montants additionnels cons\u00e9quents, totalisant des centaines de millions d\u2019euros.\u00a0\u00bb<\/p>\n<p><strong><span class=\"c4\">La deuxi\u00e8me s\u00e9quence de la visite de Kais Sa\u00efed \u00e0 Paris sera l\u2019apoth\u00e9ose du d\u00eener officiel<\/span><\/strong> qu\u2019offre le pr\u00e9sident Macron et son \u00e9pouse. \u00ab\u00a0La Salle des f\u00eates est le plus grand espace du <a href=\"https:\/\/www.elysee.fr\/la-presidence\/visite-palais-de-l-elysee-et-son-histoire\" target=\"_blank\" rel=\"noopener noreferrer\">Palais<\/a>. C\u2019est dans cette pi\u00e8ce qu\u2019ont eu lieu toutes les c\u00e9r\u00e9monies d\u2019investiture des Pr\u00e9sidents de la Ve\u00a0R\u00e9publique. C\u2019est aussi ici qu\u2019ont lieu les d\u00eeners d\u2019\u00c9tat ou le \u00a0\u00bbNo\u00ebl de l\u2019\u00c9lys\u00e9e \u00bb qui accueille chaque ann\u00e9e des centaines d\u2019enfants\u00a0\u00bb.\u00bb<\/p>\n<p>Mardi matin, troisi\u00e8me et derni\u00e8re s\u00e9quence. Deux rendez-vous sont au programme de Kais Sa\u00efed \u00e0 Paris. <strong><span class=\"c4\">Rencontre avec des repr\u00e9sentants de la communaut\u00e9 tunisienne en France<\/span><\/strong> et visite \u00e0 <strong><span class=\"c4\">l\u2019Institut du Monde Arabe<\/span><\/strong> (IMA, pr\u00e9sid\u00e9 par Jack Lang). Il n\u2019est pas exclu que le chef de l\u2019\u00c9tat accorde, avant son retour \u00e0 Tunis en d\u00e9but d\u2019apr\u00e8s-midi, des entretiens \u00e0 des m\u00e9dias fran\u00e7ais.<\/p>\n<p><strong>Lire aussi<\/strong><\/p>\n<p><a href=\"https:\/\/www.leaders.com.tn\/article\/30126-officiel-le-president-kais-saied-ce-lundi-a-paris\" target=\"_blank\" rel=\"noopener noreferrer\">Officiel \u2013 Le Pr\u00e9sident Kais Sa\u00efed ce lundi \u00e0 Paris<\/a><br \/>\u00a0<\/p>\n<p>Auteur:<br \/>\n<a href=\"https:\/\/www.leaders.com.tn\/article\/30134-exclusif-tout-sur-la-visite-du-president-kais-saied-ce-lundi-a-paris\">Cliquez ici pour lire l&rsquo;article depuis sa source.<\/a><\/p>\n","protected":false},"excerpt":{"rendered":"<p>Courte, mais intense s\u2019annonce la visite de 24 heures qu\u2019effectuera \u00e0 Paris le pr\u00e9sident Kais Sa\u00efed \u00e0 partir de ce lundi. Sa symbolique est qu\u2019elle soit la toute premi\u00e8re d\u2019un chef d\u2019\u00c9tat \u00e9tranger en France, depuis plus de trois mois. Son timing est appropri\u00e9, avec l\u2019imp\u00e9ratif de redressement \u00e9conomique et financier en Tunisie et la [&hellip;]<\/p>\n","protected":false},"author":1772,"featured_media":0,"comment_status":"closed","ping_status":"closed","sticky":false,"template":"","format":"standard","meta":{"fifu_image_url":"","fifu_image_alt":"","footnotes":""},"categories":[73,55],"tags":[],"class_list":["post-89406","post","type-post","status-publish","format-standard","hentry","category-actualite","category-tunisie"],"_links":{"self":[{"href":"https:\/\/linitiative.ca\/International\/wp-json\/wp\/v2\/posts\/89406","targetHints":{"allow":["GET"]}}],"collection":[{"href":"https:\/\/linitiative.ca\/International\/wp-json\/wp\/v2\/posts"}],"about":[{"href":"https:\/\/linitiative.ca\/International\/wp-json\/wp\/v2\/types\/post"}],"author":[{"embeddable":true,"href":"https:\/\/linitiative.ca\/International\/wp-json\/wp\/v2\/users\/1772"}],"replies":[{"embeddable":true,"href":"https:\/\/linitiative.ca\/International\/wp-json\/wp\/v2\/comments?post=89406"}],"version-history":[{"count":0,"href":"https:\/\/linitiative.ca\/International\/wp-json\/wp\/v2\/posts\/89406\/revisions"}],"wp:attachment":[{"href":"https:\/\/linitiative.ca\/International\/wp-json\/wp\/v2\/media?parent=89406"}],"wp:term":[{"taxonomy":"category","embeddable":true,"href":"https:\/\/linitiative.ca\/International\/wp-json\/wp\/v2\/categories?post=89406"},{"taxonomy":"post_tag","embeddable":true,"href":"https:\/\/linitiative.ca\/International\/wp-json\/wp\/v2\/tags?post=89406"}],"curies":[{"name":"wp","href":"https:\/\/api.w.org\/{rel}","templated":true}]}}