{"id":89410,"date":"2020-06-18T12:16:00","date_gmt":"2020-06-18T16:16:00","guid":{"rendered":"https:\/\/linitiative.ca\/International\/chedli-klibi-une-fibre-sociale-aussi-album-photos\/"},"modified":"2020-06-18T12:16:00","modified_gmt":"2020-06-18T16:16:00","slug":"chedli-klibi-une-fibre-sociale-aussi-album-photos","status":"publish","type":"post","link":"https:\/\/linitiative.ca\/International\/chedli-klibi-une-fibre-sociale-aussi-album-photos\/","title":{"rendered":"Chedli Klibi: Une fibre sociale aussi (Album photos)"},"content":{"rendered":"<p><span class=\"c2\"><em><strong>Par Mohamed Ennaceur &#8211;<\/strong><\/em><\/span> J\u2019ai connu Chedli Klibi dans les ann\u00e9es cinquante et avant m\u00eame la proclamation de l\u2019ind\u00e9pendance. J\u2019\u00e9tais encore \u00e9tudiant \u00e0 l\u2019Institut des hautes \u00e9tudes de Tunis et il venait de rentrer en Tunisie apr\u00e8s avoir termin\u00e9 ses \u00e9tudes \u00e0 Paris, pour commencer une carri\u00e8re dans l\u2019enseignement.<\/p>\n<p>A l\u2019\u00e9poque, j\u2019\u00e9tais membre de l\u2019ex\u00e9cutif de l\u2019Uget et il faisait \u00e9quipe avec Ahmed Ben Salah et Mustapha Filali au sein de l\u2019ex\u00e9cutif de l\u2019Ugtt. A l\u2019Uget, nous avions pour ces jeunes professeurs, nos a\u00een\u00e9s, une sympathie particuli\u00e8re et appr\u00e9cions chez eux l\u2019engagement nationaliste et le militantisme syndical. Ils repr\u00e9sentaient pour nous \u00e0 l\u2019\u00e9poque les porteurs d\u2019un projet de soci\u00e9t\u00e9 auquel nous avions adh\u00e9r\u00e9 et nous nous sommes retrouv\u00e9s avec eux apr\u00e8s l\u2019ind\u00e9pendance dans le m\u00eame mouvement national qui a \u00e9difi\u00e9 l\u2019\u00c9tat national, social et moderne.<\/p>\n<p>Dans les ann\u00e9es soixante-dix, nous nous sommes retrouv\u00e9s Chedli Klibi et moi-m\u00eame dans les structures du parti et plus pr\u00e9cis\u00e9ment \u00e0 la t\u00eate de la cellule destourienne de Carthage, lui comme pr\u00e9sident et moi comme secr\u00e9taire g\u00e9n\u00e9ral. C\u2019est l\u00e0 o\u00f9 je l\u2019ai connu de pr\u00e8s et appr\u00e9ci\u00e9 ses qualit\u00e9s humaines et sa fibre sociale \u00e0 travers sa proximit\u00e9 avec les militants et les citoyens et \u00e0 travers les nombreuses r\u00e9alisations qu\u2019il a accomplies en tant que maire de Carthage au profit des habitants des quartiers populaires de Maalga, Yasmina et Mohamed Ali.<\/p>\n<p>Aux hommages m\u00e9rit\u00e9s rendus \u00e0 ce grand homme politique, promoteur de la culture, j\u2019aimerais ajouter celui que je porte \u00e0 l\u2019homme dans la pl\u00e9nitude de sa dimension sociale et humaine.<\/p>\n<p class=\"c4\"><strong>Mohamed Ennaceur<\/strong><\/p>\n<p class=\"c5\"><strong>Lire aussi<\/strong><\/p>\n<p class=\"c5\"><a href=\"https:\/\/www.leaders.com.tn\/article\/30124-une-ceremonie-a-la-cite-de-la-culture-a-l-occasion-du-40e-jour-du-deces-de-chadli-klibi\" target=\"_blank\" rel=\"noopener noreferrer\"><span class=\"c2\"><strong>\u2022<\/strong><\/span> Une c\u00e9r\u00e9monie \u00e0 la cit\u00e9 de la culture \u00e0 l&rsquo;occasion du 40e jour du d\u00e9c\u00e8s de Chadli Klibi<\/a><\/p>\n<p class=\"c5\"><a href=\"https:\/\/www.leaders.com.tn\/article\/29917-chedli-klibi-est-decede-une-grosse-perte-pour-la-nation-et-les-lettres-arabes\" target=\"_blank\" rel=\"noopener noreferrer\"><span class=\"c2\"><strong>\u2022<\/strong><\/span> Chedli Klibi est d\u00e9c\u00e9d\u00e9 : une grosse perte pour la nation et les lettres arabes (Album Photos)<\/a><\/p>\n<p class=\"c5\"><a href=\"https:\/\/www.leaders.com.tn\/article\/30118-chadli-klibi-homme-de-la-culture-et-de-la-diplomatie\" target=\"_blank\" rel=\"noopener noreferrer\"><span class=\"c2\"><strong>\u2022<\/strong><\/span> Chadli Klibi : Homme de la culture et de la diplomatie<\/a><\/p>\n<p class=\"c5\"><a href=\"https:\/\/www.leaders.com.tn\/article\/30127-hubert-vedrine-le-president-mitterrand-etait-sensible-a-la-finesse-a-la-culture-et-a-l-ouverture-d-esprit-de-chedli-klibi\" target=\"_blank\" rel=\"noopener noreferrer\"><span class=\"c2\"><strong>\u2022<\/strong><\/span> Hubert V\u00e9drine: Le Pr\u00e9sident Mitterrand \u00e9tait sensible \u00e0 la finesse, \u00e0 la culture et \u00e0 l\u2019ouverture d\u2019esprit de Chedli Klibi<\/a><\/p>\n<p class=\"c4\">\u00a0<\/p>\n<p class=\"c3\"><strong><a href=\"\/uploads\/FCK_files\/file\/Leaders%20N%C2%B0109%20Juin-interactif.pdf\"><img loading=\"lazy\" decoding=\"async\" src=\"\/uploads\/FCK_files\/Bondou(8).jpg\" alt=\"\" width=\"500\" vspace=\"5\" hspace=\"5\" height=\"128\" align=\"middle\"\/><\/a><\/strong><\/p>\n<p class=\"c5\">\u00a0<\/p>\n<p>Auteur:<br \/>\n<a href=\"https:\/\/www.leaders.com.tn\/article\/30136-chedli-klibi-une-fibre-sociale-aussi\">Cliquez ici pour lire l&rsquo;article depuis sa source.<\/a><\/p>\n","protected":false},"excerpt":{"rendered":"<p>Par Mohamed Ennaceur &#8211; J\u2019ai connu Chedli Klibi dans les ann\u00e9es cinquante et avant m\u00eame la proclamation de l\u2019ind\u00e9pendance. J\u2019\u00e9tais encore \u00e9tudiant \u00e0 l\u2019Institut des hautes \u00e9tudes de Tunis et il venait de rentrer en Tunisie apr\u00e8s avoir termin\u00e9 ses \u00e9tudes \u00e0 Paris, pour commencer une carri\u00e8re dans l\u2019enseignement. A l\u2019\u00e9poque, j\u2019\u00e9tais membre de l\u2019ex\u00e9cutif [&hellip;]<\/p>\n","protected":false},"author":1772,"featured_media":89411,"comment_status":"closed","ping_status":"closed","sticky":false,"template":"","format":"standard","meta":{"fifu_image_url":"","fifu_image_alt":"","footnotes":""},"categories":[73,55],"tags":[],"class_list":["post-89410","post","type-post","status-publish","format-standard","has-post-thumbnail","hentry","category-actualite","category-tunisie"],"_links":{"self":[{"href":"https:\/\/linitiative.ca\/International\/wp-json\/wp\/v2\/posts\/89410","targetHints":{"allow":["GET"]}}],"collection":[{"href":"https:\/\/linitiative.ca\/International\/wp-json\/wp\/v2\/posts"}],"about":[{"href":"https:\/\/linitiative.ca\/International\/wp-json\/wp\/v2\/types\/post"}],"author":[{"embeddable":true,"href":"https:\/\/linitiative.ca\/International\/wp-json\/wp\/v2\/users\/1772"}],"replies":[{"embeddable":true,"href":"https:\/\/linitiative.ca\/International\/wp-json\/wp\/v2\/comments?post=89410"}],"version-history":[{"count":0,"href":"https:\/\/linitiative.ca\/International\/wp-json\/wp\/v2\/posts\/89410\/revisions"}],"wp:featuredmedia":[{"embeddable":true,"href":"https:\/\/linitiative.ca\/International\/wp-json\/"}],"wp:attachment":[{"href":"https:\/\/linitiative.ca\/International\/wp-json\/wp\/v2\/media?parent=89410"}],"wp:term":[{"taxonomy":"category","embeddable":true,"href":"https:\/\/linitiative.ca\/International\/wp-json\/wp\/v2\/categories?post=89410"},{"taxonomy":"post_tag","embeddable":true,"href":"https:\/\/linitiative.ca\/International\/wp-json\/wp\/v2\/tags?post=89410"}],"curies":[{"name":"wp","href":"https:\/\/api.w.org\/{rel}","templated":true}]}}