{"id":89412,"date":"2020-06-18T13:52:00","date_gmt":"2020-06-18T17:52:00","guid":{"rendered":"https:\/\/linitiative.ca\/International\/revenir-au-fonctionnement-davant-est-le-meilleur-moyen-de-faire-face-dans-lavenir-a-des-crises-encore-plus-graves\/"},"modified":"2020-06-18T13:52:00","modified_gmt":"2020-06-18T17:52:00","slug":"revenir-au-fonctionnement-davant-est-le-meilleur-moyen-de-faire-face-dans-lavenir-a-des-crises-encore-plus-graves","status":"publish","type":"post","link":"https:\/\/linitiative.ca\/International\/revenir-au-fonctionnement-davant-est-le-meilleur-moyen-de-faire-face-dans-lavenir-a-des-crises-encore-plus-graves\/","title":{"rendered":"Revenir au fonctionnement d\u2019avant est le meilleur moyen de faire face dans l\u2019avenir \u00e0 des crises encore plus graves"},"content":{"rendered":"<p class=\"c3\"><span class=\"c2\"><em><strong>Par Samir Allal. Universit\u00e9 de Versailles\/ Paris-Saclay &#8211;<\/strong><\/em><\/span> <strong>La crise sanitaire et la crise \u00e9conomique qui la suit r\u00e9v\u00e8lent la n\u00e9cessit\u00e9 d&rsquo;une sortie du capitalisme, si on ne souhaite pas revivre des crises encore plus graves. Au milieu du chaos, de la crise mondiale, des deuils et des souffrances, il y a au moins une chose que tout le monde a pu saisir avec ce virus: quelque chose qui cloche dans la d\u00e9finition m\u00eame du monde par l\u2019\u00e9conomie.<\/strong><\/p>\n<p><span class=\"c5\"><span class=\"c4\"><strong>1- La vertu des grandes crises est de bousculer les certitudes et de provoquer une effervescence dans la vie des id\u00e9es<\/strong><\/span><\/span><\/p>\n<p>La pand\u00e9mie a g\u00e9n\u00e9r\u00e9 une crise \u00e9conomique mondiale de grande ampleur, un choc social brutal, notamment pour les plus pr\u00e9caires, et une mise entre parenth\u00e8ses \u00ab du fonctionnement d\u00e9mocratique \u00bb de nos soci\u00e9t\u00e9s. Emport\u00e9s par le d\u00e9veloppement, \u00e9blouis par les promesses de l\u2019abondance, on s\u2019\u00e9tait probablement r\u00e9sign\u00e9s \u00e0 ne plus voir les choses autrement que par le prisme de l\u2019\u00e9conomie.<\/p>\n<p>L\u2019Homo oeconomicus existe mais il n\u2019a rien de naturel, de natif ou de spontan\u00e9. Rel\u00e2chez la pression, et voil\u00e0 qu\u2019il s\u2019\u00e9mancipe, comme les virus. Une multitude d\u2019initiatives \u00e9conomiques pour penser le \u00ab monde d\u2019apr\u00e8s \u00bb sont discut\u00e9es en ce moment. Loin d\u2019\u00eatre neutre et d\u2019\u0153uvrer au bien commun, les \u00ab experts \u00bb \u00e9conomiques sont souvent des id\u00e9ologues qui d\u00e9fendent des int\u00e9r\u00eats bien particuliers, ceux du capitalisme, tel qu\u2019il continue \u00e0 s\u00e9vir dans le monde.<\/p>\n<p>Leur engagement, jamais totalement assum\u00e9, (et les r\u00e9ponses souvent approximatives sur la sortie de la crise), se justifie, d\u2019un c\u00f4t\u00e9 par leur r\u00e9f\u00e9rence constante \u00e0 une science, certes imparfaite mais n\u00e9anmoins suffisamment m\u00fbre pour pouvoir aider \u00e0 cette construction du bien commun, et d\u2019un autre c\u00f4t\u00e9, par l\u2019affirmation de leur refus d\u2019un lib\u00e9ralisme qui pr\u00f4nerait le laissez-faire.<\/p>\n<p>La croyance dans le march\u00e9 parfait reste leur boussole. Ils d\u00e9fendent l\u2019intervention massive de l\u2019\u00c9tat, au nom pr\u00e9cis\u00e9ment de cette science \u00e9conomique neutre. Mais cette posture qui est cens\u00e9e prouver leur neutralit\u00e9, se r\u00e9v\u00e8le en r\u00e9alit\u00e9 la preuve m\u00eame de leur parti pris, tout en \u00e9tant aussi celle de leur sinc\u00e9rit\u00e9.<\/p>\n<p>Ainsi, l\u2019intervention de l\u2019\u00c9tat pour sortir de la crise qu\u2019ils affirment justement d\u00e9fendre, n\u2019a pour seul objectif que de laisser faire des march\u00e9s qui, gr\u00e2ce \u00e0 ces interventions, pourraient enfin montrer toute leur efficacit\u00e9. Ces \u00ab experts \u00bb sont pour l\u2019intervention de l\u2019\u00c9tat, mais au nom d\u2019une croyance aux vertus du march\u00e9 sur la foi d\u2019une construction th\u00e9orique qui n\u2019a jamais eu la moindre r\u00e9alisation dans le monde r\u00e9el. Et c\u2019est cette fiction id\u00e9ologique qui devrait nous inciter \u00e0 suivre leur avis !<\/p>\n<p>Le coronavirus est en\u00a0 train de d\u00e9-confiner le d\u00e9bat public sur le(s) trajectoire(s) de croissance \u00e9conomique et de r\u00e9v\u00e9ler l\u2019improvisation des pouvoirs publics face \u00e0 cette crise majeure. La pand\u00e9mie nous oblige \u00e0 r\u00e9inventer notre mod\u00e8le de d\u00e9veloppement \u00e9conomique et d\u00e9mocratique et porte a\u0300 maturit\u00e9 dans les consciences la n\u00e9cessite\u0301 d\u2019un tournant pour une croissance bas carbone et une transition climatique radicale.<\/p>\n<p>Le nouveau r\u00e9gime climatique, surajout\u00e9 \u00e0 la crise sanitaire, fait peser sur toute question de production un doute si fondamental qu\u2019il ne fallait que deux mois de confinement pour en renouveler l\u2019enjeu. C\u2019est tr\u00e8s bien de produire, mais encore faut-il subsister !<\/p>\n<p>Quelle \u00e9tonnante le\u00e7on que celle de la pand\u00e9mie : on croit qu\u2019il est possible d\u2019entrer en guerre avec les virus, alors qu\u2019il va falloir apprendre \u00e0 vivre avec eux sans trop de d\u00e9g\u00e2t pour nous ; on croit qu\u2019il est souhaitable d\u2019effectuer une reprise \u00c9conomique, alors qu\u2019il va probablement falloir apprendre \u00e0 sortir de l\u2019\u00c9conomie, ce r\u00e9sum\u00e9 simplifi\u00e9 des formes de vie. (Bruno Latour, mai 2020).<\/p>\n<p>La singularit\u00e9\u0301 de la situation actuelle, c\u2019est que nul ne peut pr\u00e9dire ce qui va sortir de cette \u00e9trange p\u00e9riode d\u2019angoisse collective. Rien n\u2019est exclu. Ni un pouvoir autoritaire et x\u00e9nophobe dont r\u00eave les extr\u00e9mistes de tout bord. Ni une alternative d\u00e9mocratique, sociale et \u00e9cologiste capable de contenir cette crise sanitaire, \u00e9conomique, climatique et de lutter contre les in\u00e9galit\u00e9s.<\/p>\n<p><span class=\"c4\"><span class=\"c5\"><strong>2- Tout va redevenir comme avant ? C\u2019est probable, mais ce n\u2019est pas in\u00e9vitable<\/strong><\/span><\/span><\/p>\n<p>En ce temps d\u2019urgence sanitaire, et de \u00ab r\u00e9gime de semi-libert\u00e9 plus ou moins consenti \u00bb, les d\u00e9cideurs t\u00e2tonnent face a\u0300 une situation infiniment complexe. C\u2019est que chaque d\u00e9cision porte en elle-m\u00eame deux v\u00e9rit\u00e9s contradictoires, sanitaire et \u00e9conomique, qui doivent \u00eatre prises en consid\u00e9ration l\u2019une et l\u2019autre. Il est donc tout \u00e0 fait normal de se poser la question d\u2019une relance de la machine \u00e9conomique, mais il serait aussi normal de se poser la question de ce qu\u2019il convient de relancer. Et la r\u00e9ponse d\u00e9pend crucialement de l\u2019analyse que l\u2019on fait des causes de la crise actuelle.<\/p>\n<p>Pour sch\u00e9matiser, si on ne voit dans l\u2019apparition du virus qu\u2019un \u00e9v\u00e9nement fortuit, certes d\u00e9stabilisant, mais sans grand rapport avec le syst\u00e8me \u00e9conomique tel qu\u2019il fonctionnait pour le mieux avant son apparition, il convient d\u2019y revenir le plus vite possible. Si, au contraire, on fait un lien \u00e9troit entre ce fonctionnement \u00e9conomique, reposant sur l\u2019\u00e9puisement de la nature et des \u00eatres humains, et l\u2019apparition d\u2019un virus, cons\u00e9quence de cet \u00e9puisement, c\u2019est \u00e9videmment ce mode de fonctionnement qu\u2019il faut remettre en cause. Sinon, nous conna\u00eetrons \u00e0 plus ou moins br\u00e8ve \u00e9ch\u00e9ance des crises de m\u00eame nature, voire encore plus graves.<\/p>\n<p>Chercher \u00e0 \u00ab relancer \u00bb l\u2019\u00e9conomie pour retrouver le monde d\u2019avant, c\u2019est le meilleur moyen, de s\u2019exposer \u00e0 de nouvelles crises sanitaires. Les m\u00eames causes produisant les m\u00eames effets. On sait, par exemple, que le virus de la grippe espagnole qui d\u00e9cima des millions de personnes au d\u00e9but du vingti\u00e8me si\u00e8cle, est pr\u00e9sent dans le permafrost sib\u00e9rien et risque fortement d\u2019\u00eatre lib\u00e9r\u00e9 si le r\u00e9chauffement climatique se poursuit.<br \/>La r\u00e9alit\u00e9 du r\u00e9chauffement climatique, dont nous n\u2019avons pour l\u2019instant subi que des effets marginaux, justifiant finalement notre incapacit\u00e9 collective \u00e0 y r\u00e9pondre en faisant baisser les \u00e9missions de gaz \u00e0 effet de serre, est un des signaux qui devraient nous alerter sur le risque que nous prenons en continuant \u00e0 produire et \u00e0 consommer sans limites.<\/p>\n<p>Revenir au fonctionnement d\u2019avant la crise, en privil\u00e9giant le court terme et la rentabilit\u00e9 financi\u00e8re, c\u2019est le meilleur moyen de faire face dans l\u2019avenir \u00e0 des crises encore plus graves. Qu\u2019elles soient dues \u00e0 l\u2019apparition d\u2019un nouveau virus si la destruction de la biodiversit\u00e9 continue, ou \u00e0 la d\u00e9gradation de notre propre biotope avec le r\u00e9chauffement climatique.<\/p>\n<p><span class=\"c5\"><span class=\"c4\"><strong>3- Changer les rapports sociaux, pour sortir de la crise, et limiter le r\u00e9chauffement climatique<\/strong><\/span><\/span><\/p>\n<p>De nombreuses voix s\u2019\u00e9l\u00e8vent, apr\u00e8s cette pand\u00e9mie pour mettre en cause notre mode de production et de consommation, qui a ces caract\u00e9ristiques de court-termisme et de recherche de rentabilit\u00e9. Mais cette mise en cause reste peu op\u00e9rationnelle.<\/p>\n<p>Parler de \u00ab mode de production et de consommation \u00bb ou de productivisme est trop vague pour en d\u00e9duire une orientation \u00e0 suivre. On oscille vite entre des admonestations moralisantes, rendant responsable tout un chacun, sans distinction de statut, de changer de mode de vie, sans se pr\u00e9occuper des conditions \u00e0 r\u00e9unir pour que ce soit possible, et des pr\u00e9conisations sectorielles sur les modes de transports, les habitats, les services publics ou l\u2019agriculture, sans toujours en mesurer les impacts globaux et les conditions politiques de r\u00e9alisation.<\/p>\n<p>Ce qui caract\u00e9rise ce \u00ab mode de production et de consommation \u00bb, c\u2019est sa nature capitaliste. Le capitalisme r\u00e9volutionne sans cesse les moyens de production, innove, augmente la productivit\u00e9 et permet la croissance. Mais en m\u00eame temps, il le fait au profit d\u2019une minorit\u00e9 de poss\u00e9dants. En 1844 dans Manuscrits, Marx \u00e9crivait d\u00e9j\u00e0 que \u00ab la d\u00e9pr\u00e9ciation du monde des hommes augmente en raison directe de la mise en valeur du monde des choses \u00bb et nous le vivons tous les jours, aujourd\u2019hui o\u00f9 cette \u00ab mise en valeur \u00bb s\u2019\u00e9tend au fil de la mondialisation et de la cr\u00e9ation de nouveaux march\u00e9s.\u00a0<br \/>Autrement dit, si nous voulons sortir de la crise, changer de trajectoire, limiter le r\u00e9chauffement climatique, (ce que nous sommes pour l\u2019instant incapables de faire), lutter contre les in\u00e9galit\u00e9s et restaurer la biodiversit\u00e9, on doit, changer les rapports sociaux et le terme des \u00e9changes internationaux. \u00c9videmment plus facile \u00e0 dire qu\u2019\u00e0 r\u00e9aliser.<\/p>\n<p>Face au d\u00e9r\u00e9glementent climatique et le niveau des in\u00e9galit\u00e9s tr\u00e8s \u00e9lev\u00e9es, il ne peut \u00eatre question de construire une majorit\u00e9 qui lutterait pour \u00ab la transition \u00e9cologique et la sortie du capitalisme \u00bb que si les acquis de la croissance sont \u00e9tendus \u00e0 tous ceux qui n\u2019en profitent pas encore, comme les 730 millions individus qui survivent avec moins de trois dollars par jour ou les 800 millions de personnes sous-aliment\u00e9es dans le monde.<\/p>\n<p><span class=\"c5\"><span class=\"c4\"><strong>4- Le ruissellement n\u2019existe pas et les premiers de cord\u00e9e sont entrain de couper la corde<\/strong><\/span><\/span><\/p>\n<p>Contrairement au discours dominant, le ruissellement n\u2019existe pas et les premiers de cord\u00e9e ont coup\u00e9 la corde. La r\u00e9ponse n\u00e9olib\u00e9rale expliquant qu\u2019il faut d\u2019abord produire pour redistribuer et que la r\u00e9duction des in\u00e9galit\u00e9s prend certes du temps mais qu\u2019elle est en route quand on compte en si\u00e8cles, devient peu probante puisque la part des plus riches dans la r\u00e9partition des richesses ne cesse d\u2019augmenter depuis trente ans quand celle des plus pauvres stagne voire diminue.<\/p>\n<p>Cette crise est un nouveau rappel \u00e0 l\u2019ordre, mais si nous continuons \u00e0 porter au pouvoir des dirigeants (Donald Trump, Jair Bolsonaro, \u2026) qui ont non seulement prouv\u00e9 leur incapacit\u00e9 \u00e0 g\u00e9rer la crise actuelle par manque d\u2019anticipation, mais ont en plus contribu\u00e9 \u00e0 affaiblir les services publics qui permettaient de le faire, il ne faudra pas s\u2019\u00e9tonner de voir appara\u00eetre des crises futures encore plus dramatiques.<\/p>\n<p>L\u2019alternative \u00e0 ce choix, un monde plus solidaire, plus sobre, o\u00f9 l&rsquo;orthodoxie budg\u00e9taire n&rsquo;est plus la valeur cardinale, o\u00f9 les petites mains qui font tourner l\u2019\u00e9conomie sont valoris\u00e9es, o\u00f9 la transition \u00e9cologique et climatique s&rsquo;impose \u00e0 toutes et \u00e0 tous comme un imp\u00e9ratif de s\u00e9curit\u00e9 et de paix.<\/p>\n<p>L\u2019impasse o\u00f9 nous ont conduits les politiques dominantes depuis quarante ans et le capitalisme financier exige une offensive r\u00e9solue. L\u2019\u00e9tat d\u2019urgence climatique et sociale doit se d\u00e9ployer d\u00e8s maintenant partout o\u00f9 la crise remet \u00e0 vif la grande pauvret\u00e9 et les in\u00e9galit\u00e9s. La solidarit\u00e9 nationale et internationale doit intervenir pour les aider.<\/p>\n<p>\u00ab Sortir \u00bb des dizaines de milliers de personnes de la pauvret\u00e9, c\u2019est affaire de dignit\u00e9 d\u2019abord, mais aussi d\u2019ordre public sanitaire social et de s\u00e9curit\u00e9. Pour pouvoir mobiliser les \u00e9nergies de toutes et tous, il faudra inventer et consolider des protections collectives plus adapt\u00e9es \u00e0 notre temps, combler les failles majeures que la crise a soulign\u00e9es.<\/p>\n<p>Si la \u00ab sortie du capitalisme \u00bb est certaine, la nouvelle organisation reste largement ind\u00e9termin\u00e9e et rien ne dit qu\u2019elle se constituera dans la joie et la bonne humeur. Il existe malheureusement beaucoup de raisons pour penser le contraire. La sortie du capitalisme n\u2019est que le r\u00e9sultat d\u2019un long processus historique.<\/p>\n<p><span class=\"c5\"><span class=\"c4\"><strong>5- L\u2019avenir \u00e9conomique et sa reconversion \u00e9cologique se jouent en ce moment\u00a0<\/strong><\/span><\/span><\/p>\n<p>L\u2019avenir de l\u2019\u00e9conomie et sa conversion \u00e9cologique se jouent en ce moment. Le soutien public \u00e0 la survie du syst\u00e8me productif est vital. Il doit \u00eatre associ\u00e9 \u00e0 une conditionnalit\u00e9 environnementale et sociale exigeante. Les choix publics doivent int\u00e9grer pleinement les enjeux d\u2019ind\u00e9pendance et de relocalisation, de recherche et d\u2019innovation, mis en lumi\u00e8re de fa\u00e7on \u00e9clatante dans la crise actuelle.<\/p>\n<p>Il appartient \u00e0 la puissance publique d\u2019identifier avec tous les acteurs les secteurs strat\u00e9giques \u00e0 relocaliser, les cha\u00eenes de valeurs \u00e0 contr\u00f4ler et les productions \u00e0 assurer au plus proche des lieux de consommation. Les \u00e9v\u00e9nements r\u00e9cents confirment une fois de plus les fragilit\u00e9s des \u00e9conomies quand elle se limite \u00e0 n\u2019\u00eatre qu\u2019un march\u00e9 livr\u00e9 aux exc\u00e8s du libre-\u00e9change.<\/p>\n<p>La mise en \u0153uvre des services publics de sant\u00e9, d\u2019\u00e9nergie, de propret\u00e9, d\u2019eau, \u2026\u00a0 l\u00e0 o\u00f9 il le faut doit permettre non de mutualiser les pertes, mais d\u2019atteindre des objectifs d\u2019int\u00e9r\u00eat g\u00e9n\u00e9ral. Dans ce but, il faudra aussi miser davantage sur l\u2019\u00e9conomie sociale et solidaire pour mieux ancrer l\u2019\u00e9conomie dans les territoires et impulser le nouveau mod\u00e8le de d\u00e9veloppement.<\/p>\n<p>La r\u00e9paration des d\u00e9g\u00e2ts annonc\u00e9s, la d\u00e9fense des libert\u00e9s, l\u2019obligation de pr\u00e9parer une soci\u00e9t\u00e9 r\u00e9siliente n\u00e9cessitent de fortes dynamiques collectives.<\/p>\n<p>Au c\u0153ur de cette crise, il nous faut tourner la page du productivisme et du n\u00e9o-lib\u00e9ralisme. Il faut affronter les p\u00e9rils imm\u00e9diats, s\u2019accorder pour engager la transition \u00e9cologique et dans un m\u00eame mouvement les transformations sociales et \u00e9conomiques trop longtemps diff\u00e9r\u00e9es.<\/p>\n<p class=\"c7\"><strong>Pr Samir Allal<br \/><\/strong> <span class=\"c6\"><em>Universit\u00e9 de Versailles\/ Paris-Saclay<br \/>Ambassadeur de l\u2019universit\u00e9 aupr\u00e8s des pays Francophone et M\u00e9diterran\u00e9ens<\/em><\/span><\/p>\n<p>Auteur:<br \/>\n<a href=\"https:\/\/www.leaders.com.tn\/article\/30137-revenir-au-fonctionnement-d-avant-est-le-meilleur-moyen-de-faire-face-dans-l-avenir-a-des-crises-encore-plus-graves\">Cliquez ici pour lire l&rsquo;article depuis sa source.<\/a><\/p>\n","protected":false},"excerpt":{"rendered":"<p>Par Samir Allal. Universit\u00e9 de Versailles\/ Paris-Saclay &#8211; La crise sanitaire et la crise \u00e9conomique qui la suit r\u00e9v\u00e8lent la n\u00e9cessit\u00e9 d&rsquo;une sortie du capitalisme, si on ne souhaite pas revivre des crises encore plus graves. Au milieu du chaos, de la crise mondiale, des deuils et des souffrances, il y a au moins une [&hellip;]<\/p>\n","protected":false},"author":1772,"featured_media":0,"comment_status":"closed","ping_status":"closed","sticky":false,"template":"","format":"standard","meta":{"fifu_image_url":"","fifu_image_alt":"","footnotes":""},"categories":[73,55],"tags":[],"class_list":["post-89412","post","type-post","status-publish","format-standard","hentry","category-actualite","category-tunisie"],"_links":{"self":[{"href":"https:\/\/linitiative.ca\/International\/wp-json\/wp\/v2\/posts\/89412","targetHints":{"allow":["GET"]}}],"collection":[{"href":"https:\/\/linitiative.ca\/International\/wp-json\/wp\/v2\/posts"}],"about":[{"href":"https:\/\/linitiative.ca\/International\/wp-json\/wp\/v2\/types\/post"}],"author":[{"embeddable":true,"href":"https:\/\/linitiative.ca\/International\/wp-json\/wp\/v2\/users\/1772"}],"replies":[{"embeddable":true,"href":"https:\/\/linitiative.ca\/International\/wp-json\/wp\/v2\/comments?post=89412"}],"version-history":[{"count":0,"href":"https:\/\/linitiative.ca\/International\/wp-json\/wp\/v2\/posts\/89412\/revisions"}],"wp:attachment":[{"href":"https:\/\/linitiative.ca\/International\/wp-json\/wp\/v2\/media?parent=89412"}],"wp:term":[{"taxonomy":"category","embeddable":true,"href":"https:\/\/linitiative.ca\/International\/wp-json\/wp\/v2\/categories?post=89412"},{"taxonomy":"post_tag","embeddable":true,"href":"https:\/\/linitiative.ca\/International\/wp-json\/wp\/v2\/tags?post=89412"}],"curies":[{"name":"wp","href":"https:\/\/api.w.org\/{rel}","templated":true}]}}