{"id":89419,"date":"2020-06-18T12:35:45","date_gmt":"2020-06-18T16:35:45","guid":{"rendered":"https:\/\/linitiative.ca\/International\/cnss-deux-nouvelles-mesures-en-faveur-des-entreprises\/"},"modified":"2020-06-18T12:35:45","modified_gmt":"2020-06-18T16:35:45","slug":"cnss-deux-nouvelles-mesures-en-faveur-des-entreprises","status":"publish","type":"post","link":"https:\/\/linitiative.ca\/International\/cnss-deux-nouvelles-mesures-en-faveur-des-entreprises\/","title":{"rendered":"CNSS : deux nouvelles mesures en faveur des entreprises"},"content":{"rendered":"<p><strong>La Caisse nationale de la s\u00e9curit\u00e9 sociale (CNSS) vient d\u2019annoncer deux mesures visant \u00e0 accompagner les entreprises durant la crise engendr\u00e9e par le coronavirus.<\/strong><\/p>\n<div class=\"c10\"\/>\n<p>Ainsi, le conseil d\u2019administration de la CNSS a d\u00e9cid\u00e9 ce jeudi 18 juin d\u2019annuler toutes les p\u00e9nalit\u00e9s et majorations de retard sur tous les arri\u00e9r\u00e9s de cotisations ant\u00e9rieurs \u00e0 juin 2020 au profit des entreprises affili\u00e9es r\u00e9pondant aux crit\u00e8res d\u2019\u00e9ligibilit\u00e9 au sens du d\u00e9cret 2.20.331.<\/p>\n<p><strong>Lire aussi |<\/strong> <a class=\"\" href=\"https:\/\/www.challenge.ma\/coronavirus-la-cnss-lance-la-nouvelle-version-du-portail-covid19-cnss-ma-138978\/\"><strong>Coronavirus : La CNSS lance la nouvelle version du portail covid19.cnss.ma<\/strong><\/a><\/p>\n<p>Cette amnistie des majorations et p\u00e9nalit\u00e9s est toutefois conditionn\u00e9e par le paiement cette dette en totalit\u00e9 ou par \u00e9ch\u00e9ances qui peuvent s\u2019\u00e9taler sur une p\u00e9riode de 60 mois, avec l\u2019obligation de payer tous les engagements durant la p\u00e9riode de r\u00e9\u00e9chelonnement. \u00a0Cette disposition sera effective sur une p\u00e9riode d\u2019un an \u00e0 compter de la date de \u00a0la signature du d\u00e9cret minist\u00e9riel conjoint entre le ministre du Travail et de l\u2019Insertion professionnelle et le ministre de l\u2019Economie, des Finances et de la R\u00e9forme de l\u2019Administration.<\/p>\n<p><strong>Lire aussi |<\/strong> <a class=\"\" href=\"https:\/\/www.challenge.ma\/coronavirus-cnss-debut-de-linscription-a-lindemnite-davril-138439\/\"><strong>Coronavirus\/CNSS : d\u00e9but de l\u2019inscription \u00e0 l\u2019indemnit\u00e9 d\u2019avril<\/strong><\/a><\/p>\n<p>Le conseil a \u00e9galement d\u00e9cid\u00e9 d\u2019exon\u00e9rer les indemnit\u00e9s mensuelles vers\u00e9es par certains employeurs \u00e0 leurs salari\u00e9s en arr\u00eat temporaire du travail pour pr\u00e9server leur pouvoir d\u2019achat durant les mois d\u2019avril, mai et juin 2020.\u00a0Toutefois, cette indemnit\u00e9 ne doit pas d\u00e9passer la valeur du montant exon\u00e9r\u00e9 de l\u2019Imp\u00f4t sur le revenu.<\/p>\n<p>La CNSS pr\u00e9cise que ces deux dispositions seront effectives apr\u00e8s l\u2019ach\u00e8vement de la proc\u00e9dure administrative et le feu vert du d\u00e9partement du travail et de l\u2019Insertion professionnelle.<\/p>\n<div class=\"vw-sticky-sidebar-wrapper vw-sticky-sidebar widget_text awac-wrapper widget_text awac widget custom_html-4 textwidget custom-html-widget\">\n<p class=\"has-background c12\"><span class=\"widget-title c11\">Tribune et D\u00e9bats<\/span><\/p>\n<p>La tribune qui vous parle d\u2019une actu, d\u2019un sujet qui fait d\u00e9bat, les traitent et les analysent. \u00c9conomistes et autres experts, patrons d\u2019entreprises, d\u00e9cideurs, acteurs de la soci\u00e9t\u00e9 civile, s\u2019y prononcent et contribuent \u00e0 sa grande richesse. Vous avez votre opinion, convergente ou diff\u00e9rente. Exprimez-la et mesurez-vous ainsi \u00e0 nos tribuns et d\u00e9batteurs.<\/p>\n<p>Envoyez vos analyses \u00e0 : <a href=\"\/cdn-cgi\/l\/email-protection#98fbf7f6ecf9fbecd8fbf0f9f4f4fdf6fffdb6f5f9\"><span class=\"__cf_email__\" data-cfemail=\"4e2d21203a2f2d3a0e2d262f22222b20292b60232f\">[email\u00a0protected]<\/span><\/a>, en pr\u00e9cisant votre nom, votre pr\u00e9nom et votre m\u00e9tier.<\/p>\n<\/div>\n<p>Auteur: Karim Handaoui<br \/>\n<a href=\"https:\/\/www.challenge.ma\/cnss-deux-nouvelles-mesures-en-faveur-des-entreprises-145361\/\">Cliquez ici pour lire l&rsquo;article depuis sa source.<\/a><\/p>\n","protected":false},"excerpt":{"rendered":"<p>La Caisse nationale de la s\u00e9curit\u00e9 sociale (CNSS) vient d\u2019annoncer deux mesures visant \u00e0 accompagner les entreprises durant la crise engendr\u00e9e par le coronavirus. Ainsi, le conseil d\u2019administration de la CNSS a d\u00e9cid\u00e9 ce jeudi 18 juin d\u2019annuler toutes les p\u00e9nalit\u00e9s et majorations de retard sur tous les arri\u00e9r\u00e9s de cotisations ant\u00e9rieurs \u00e0 juin 2020 [&hellip;]<\/p>\n","protected":false},"author":1787,"featured_media":0,"comment_status":"closed","ping_status":"closed","sticky":false,"template":"","format":"standard","meta":{"fifu_image_url":"","fifu_image_alt":"","footnotes":""},"categories":[78,54],"tags":[],"class_list":["post-89419","post","type-post","status-publish","format-standard","hentry","category-economie","category-maroc"],"_links":{"self":[{"href":"https:\/\/linitiative.ca\/International\/wp-json\/wp\/v2\/posts\/89419","targetHints":{"allow":["GET"]}}],"collection":[{"href":"https:\/\/linitiative.ca\/International\/wp-json\/wp\/v2\/posts"}],"about":[{"href":"https:\/\/linitiative.ca\/International\/wp-json\/wp\/v2\/types\/post"}],"author":[{"embeddable":true,"href":"https:\/\/linitiative.ca\/International\/wp-json\/wp\/v2\/users\/1787"}],"replies":[{"embeddable":true,"href":"https:\/\/linitiative.ca\/International\/wp-json\/wp\/v2\/comments?post=89419"}],"version-history":[{"count":0,"href":"https:\/\/linitiative.ca\/International\/wp-json\/wp\/v2\/posts\/89419\/revisions"}],"wp:attachment":[{"href":"https:\/\/linitiative.ca\/International\/wp-json\/wp\/v2\/media?parent=89419"}],"wp:term":[{"taxonomy":"category","embeddable":true,"href":"https:\/\/linitiative.ca\/International\/wp-json\/wp\/v2\/categories?post=89419"},{"taxonomy":"post_tag","embeddable":true,"href":"https:\/\/linitiative.ca\/International\/wp-json\/wp\/v2\/tags?post=89419"}],"curies":[{"name":"wp","href":"https:\/\/api.w.org\/{rel}","templated":true}]}}